{"id":12185,"date":"2016-06-06T21:44:11","date_gmt":"2016-06-06T21:44:11","guid":{"rendered":"http:\/\/www.ecuadoraldia.com.ec\/?p=12185"},"modified":"2016-06-06T21:44:11","modified_gmt":"2016-06-06T21:44:11","slug":"fuerte-turbulencia-dejo-12-heridos-en-un-vuelo-de-lima-a-buenos-aires","status":"publish","type":"post","link":"https:\/\/www.ecuadoraldia.com.ec\/?p=12185","title":{"rendered":"Fuerte turbulencia dej\u00f3 12 heridos en un vuelo de Lima a Buenos Aires"},"content":{"rendered":"<p style=\"text-align: justify;\"><a href=\"http:\/\/www.ecuadoraldia.com.ec\/wp-content\/uploads\/2016\/06\/turulencia.jpg\" rel=\"attachment wp-att-12186\"><img loading=\"lazy\" decoding=\"async\" class=\"alignleft size-medium wp-image-12186\" src=\"http:\/\/www.ecuadoraldia.com.ec\/wp-content\/uploads\/2016\/06\/turulencia-300x151.jpg\" alt=\"turulencia\" width=\"300\" height=\"151\" srcset=\"https:\/\/www.ecuadoraldia.com.ec\/wp-content\/uploads\/2016\/06\/turulencia-300x151.jpg 300w, https:\/\/www.ecuadoraldia.com.ec\/wp-content\/uploads\/2016\/06\/turulencia.jpg 755w\" sizes=\"(max-width: 300px) 100vw, 300px\" \/><\/a>La aerol\u00ednea Avianca inform\u00f3 que el viernes por la noche 12 personas resultaron heridas luego de que una fuerte turbulencia afectara uno de sus vuelos, inform\u00f3 La Naci\u00f3n. El avi\u00f3n hab\u00eda despegado desde Lima, Per\u00fa, a las 22:36 y aterriz\u00f3 en Buenos Aires pasadas las 4 am del s\u00e1bado.<\/p>\n<p style=\"text-align: justify;\">La aerol\u00ednea comunic\u00f3 que cuatro pasajeros y ocho miembros de la tripulaci\u00f3n recibieron golpes y contusiones. Seg\u00fan un comunicado que envi\u00f3 la empresa a\u00e9rea, el avi\u00f3n sufri\u00f3 \u201cuna fuerte turbulencia inesperada al cruzar la cordillera de los Andes alrededor de la 01:11\u2033.<\/p>\n<p style=\"text-align: justify;\"><a href=\"http:\/\/www.ecuadoraldia.com.ec\/wp-content\/uploads\/2016\/06\/t2.jpg\" rel=\"attachment wp-att-12187\"><img loading=\"lazy\" decoding=\"async\" class=\"alignleft size-medium wp-image-12187\" src=\"http:\/\/www.ecuadoraldia.com.ec\/wp-content\/uploads\/2016\/06\/t2-300x230.jpg\" alt=\"t2\" width=\"300\" height=\"230\" srcset=\"https:\/\/www.ecuadoraldia.com.ec\/wp-content\/uploads\/2016\/06\/t2-300x230.jpg 300w, https:\/\/www.ecuadoraldia.com.ec\/wp-content\/uploads\/2016\/06\/t2.jpg 538w\" sizes=\"(max-width: 300px) 100vw, 300px\" \/><\/a>Al aterrizar en el aeropuerto de Ezeiza, los heridos recibieron la atenci\u00f3n m\u00e9dica del personal de sanidad portuaria. \u201cDiez personas fueron remitidas al hospital para su respectivo chequeo. Seis de ellas ya fueron dados de alta y los cuatro restantes, miembros de la tripulaci\u00f3n, contin\u00faan en la cl\u00ednica recibiendo atenci\u00f3n m\u00e9dica\u201d, se\u00f1ala el comunicado de Avianca. (La nacion)<\/p>\n","protected":false},"excerpt":{"rendered":"<p>La aerol\u00ednea Avianca inform\u00f3 que el viernes por la noche 12 personas resultaron heridas luego de que una fuerte turbulencia<\/p>\n","protected":false},"author":1,"featured_media":12186,"comment_status":"open","ping_status":"open","sticky":false,"template":"","format":"standard","meta":{"footnotes":""},"categories":[7],"tags":[],"_links":{"self":[{"href":"https:\/\/www.ecuadoraldia.com.ec\/index.php?rest_route=\/wp\/v2\/posts\/12185"}],"collection":[{"href":"https:\/\/www.ecuadoraldia.com.ec\/index.php?rest_route=\/wp\/v2\/posts"}],"about":[{"href":"https:\/\/www.ecuadoraldia.com.ec\/index.php?rest_route=\/wp\/v2\/types\/post"}],"author":[{"embeddable":true,"href":"https:\/\/www.ecuadoraldia.com.ec\/index.php?rest_route=\/wp\/v2\/users\/1"}],"replies":[{"embeddable":true,"href":"https:\/\/www.ecuadoraldia.com.ec\/index.php?rest_route=%2Fwp%2Fv2%2Fcomments&post=12185"}],"version-history":[{"count":1,"href":"https:\/\/www.ecuadoraldia.com.ec\/index.php?rest_route=\/wp\/v2\/posts\/12185\/revisions"}],"predecessor-version":[{"id":12188,"href":"https:\/\/www.ecuadoraldia.com.ec\/index.php?rest_route=\/wp\/v2\/posts\/12185\/revisions\/12188"}],"wp:featuredmedia":[{"embeddable":true,"href":"https:\/\/www.ecuadoraldia.com.ec\/index.php?rest_route=\/wp\/v2\/media\/12186"}],"wp:attachment":[{"href":"https:\/\/www.ecuadoraldia.com.ec\/index.php?rest_route=%2Fwp%2Fv2%2Fmedia&parent=12185"}],"wp:term":[{"taxonomy":"category","embeddable":true,"href":"https:\/\/www.ecuadoraldia.com.ec\/index.php?rest_route=%2Fwp%2Fv2%2Fcategories&post=12185"},{"taxonomy":"post_tag","embeddable":true,"href":"https:\/\/www.ecuadoraldia.com.ec\/index.php?rest_route=%2Fwp%2Fv2%2Ftags&post=12185"}],"curies":[{"name":"wp","href":"https:\/\/api.w.org\/{rel}","templated":true}]}}