{"id":12276,"date":"2016-06-11T21:30:09","date_gmt":"2016-06-11T21:30:09","guid":{"rendered":"http:\/\/www.ecuadoraldia.com.ec\/?p=12276"},"modified":"2016-06-11T21:30:47","modified_gmt":"2016-06-11T21:30:47","slug":"todd-chapman-denuncias-contra-la-cia-son-cosas-creadas","status":"publish","type":"post","link":"https:\/\/www.ecuadoraldia.com.ec\/?p=12276","title":{"rendered":"Chapman: Denuncias contra la CIA: \u00abSon cosas creadas\u00bb"},"content":{"rendered":"<p style=\"text-align: justify;\"><a href=\"http:\/\/www.ecuadoraldia.com.ec\/wp-content\/uploads\/2016\/06\/Todd-C.-Chapman.jpg\" rel=\"attachment wp-att-12277\"><img loading=\"lazy\" decoding=\"async\" class=\"alignleft size-medium wp-image-12277\" src=\"http:\/\/www.ecuadoraldia.com.ec\/wp-content\/uploads\/2016\/06\/Todd-C.-Chapman-300x128.jpg\" alt=\"Todd-C.-Chapman\" width=\"300\" height=\"128\" srcset=\"https:\/\/www.ecuadoraldia.com.ec\/wp-content\/uploads\/2016\/06\/Todd-C.-Chapman-300x128.jpg 300w, https:\/\/www.ecuadoraldia.com.ec\/wp-content\/uploads\/2016\/06\/Todd-C.-Chapman.jpg 620w\" sizes=\"(max-width: 300px) 100vw, 300px\" \/><\/a>El \u00a0Embajador de Estados Unidos en Ecuador, desminti\u00f3 las acusaciones de supuestos v\u00ednculos entre pol\u00edticos y periodistas ecuatorianos con la CIA, neg\u00f3 cualquier relaci\u00f3n y afirm\u00f3 que en t\u00e9rminos de seguridad han trabajado directamente con el Gobierno.<\/p>\n<p style=\"text-align: justify;\">Agreg\u00f3 que las presuntas relaciones \u00abson cosas que son creadas en sus cabezas\u00bb. Acerca del reportaje de Telesur en el que se presentan v\u00ednculos entre algunos sectores de oposici\u00f3n con la CIA, Chapman dijo que \u201ccomo diplom\u00e1tico de carrera ya he escuchado estas ideas viejas por mucho tiempo\u201d.<\/p>\n<p style=\"text-align: justify;\">A\u00f1adi\u00f3 que \u201ccomo pa\u00eds atraemos cr\u00edticas por muchas razones\u201d y que su presencia se debe a una agenda positiva. Estas acusaciones en opini\u00f3n del norteamericano \u201ctiene que ver por d\u00f3nde vienen\u201d y ratific\u00f3 la buena labor de los Estados Unidos y las intenciones de ese pa\u00eds. \u201cSon cosas que son creadas en sus cabezas\u201d a\u00f1adi\u00f3. \u201cNosotros estamos trabajando junto con este Gobierno\u201d, dijo \u201cno a trav\u00e9s de empresas (privadas)\u201d en t\u00e9rminos de \u201csistemas de seguridad y la prosperidad de nuestros dos pa\u00edses\u201d. (I)<\/p>\n","protected":false},"excerpt":{"rendered":"<p>El \u00a0Embajador de Estados Unidos en Ecuador, desminti\u00f3 las acusaciones de supuestos v\u00ednculos entre pol\u00edticos y periodistas ecuatorianos con la<\/p>\n","protected":false},"author":1,"featured_media":12277,"comment_status":"open","ping_status":"open","sticky":false,"template":"","format":"standard","meta":{"footnotes":""},"categories":[3],"tags":[],"_links":{"self":[{"href":"https:\/\/www.ecuadoraldia.com.ec\/index.php?rest_route=\/wp\/v2\/posts\/12276"}],"collection":[{"href":"https:\/\/www.ecuadoraldia.com.ec\/index.php?rest_route=\/wp\/v2\/posts"}],"about":[{"href":"https:\/\/www.ecuadoraldia.com.ec\/index.php?rest_route=\/wp\/v2\/types\/post"}],"author":[{"embeddable":true,"href":"https:\/\/www.ecuadoraldia.com.ec\/index.php?rest_route=\/wp\/v2\/users\/1"}],"replies":[{"embeddable":true,"href":"https:\/\/www.ecuadoraldia.com.ec\/index.php?rest_route=%2Fwp%2Fv2%2Fcomments&post=12276"}],"version-history":[{"count":3,"href":"https:\/\/www.ecuadoraldia.com.ec\/index.php?rest_route=\/wp\/v2\/posts\/12276\/revisions"}],"predecessor-version":[{"id":12280,"href":"https:\/\/www.ecuadoraldia.com.ec\/index.php?rest_route=\/wp\/v2\/posts\/12276\/revisions\/12280"}],"wp:featuredmedia":[{"embeddable":true,"href":"https:\/\/www.ecuadoraldia.com.ec\/index.php?rest_route=\/wp\/v2\/media\/12277"}],"wp:attachment":[{"href":"https:\/\/www.ecuadoraldia.com.ec\/index.php?rest_route=%2Fwp%2Fv2%2Fmedia&parent=12276"}],"wp:term":[{"taxonomy":"category","embeddable":true,"href":"https:\/\/www.ecuadoraldia.com.ec\/index.php?rest_route=%2Fwp%2Fv2%2Fcategories&post=12276"},{"taxonomy":"post_tag","embeddable":true,"href":"https:\/\/www.ecuadoraldia.com.ec\/index.php?rest_route=%2Fwp%2Fv2%2Ftags&post=12276"}],"curies":[{"name":"wp","href":"https:\/\/api.w.org\/{rel}","templated":true}]}}