{"id":12415,"date":"2016-06-19T02:22:26","date_gmt":"2016-06-19T02:22:26","guid":{"rendered":"http:\/\/www.ecuadoraldia.com.ec\/?p=12415"},"modified":"2016-06-19T19:51:58","modified_gmt":"2016-06-19T19:51:58","slug":"transportistas-toman-distancia-del-gobierno","status":"publish","type":"post","link":"https:\/\/www.ecuadoraldia.com.ec\/?p=12415","title":{"rendered":"Transportistas se distancian del Gobierno"},"content":{"rendered":"<p style=\"text-align: justify;\"><a href=\"http:\/\/www.ecuadoraldia.com.ec\/wp-content\/uploads\/2016\/06\/transportistas-m.jpg\" rel=\"attachment wp-att-12441\"><img loading=\"lazy\" decoding=\"async\" class=\"alignleft size-medium wp-image-12441\" src=\"http:\/\/www.ecuadoraldia.com.ec\/wp-content\/uploads\/2016\/06\/transportistas-m-300x168.jpg\" alt=\"transportistas m\" width=\"300\" height=\"168\" srcset=\"https:\/\/www.ecuadoraldia.com.ec\/wp-content\/uploads\/2016\/06\/transportistas-m-300x168.jpg 300w, https:\/\/www.ecuadoraldia.com.ec\/wp-content\/uploads\/2016\/06\/transportistas-m.jpg 538w\" sizes=\"(max-width: 300px) 100vw, 300px\" \/><\/a>Portoviejo Manab\u00ed, 17-06-2016. Por unanimidad, los casi tres mil transportistas que acudieron a la Asamblea general extraordinaria, en un Club de la Ciudad de Portoviejo, el pasado viernes 17 de junio, decidieron tomar distancia del gobierno del Presidente Rafael Correa.<\/p>\n<p style=\"text-align: justify;\">La medida obedece a la falta de acci\u00f3n del Ejecutivo, para atender las necesidades de las operadoras del transporte, entre las que destacan:<\/p>\n<p style=\"text-align: justify;\">\u00a0El pago de 61 millones de d\u00f3lares por concepto de subsidio como compensaci\u00f3n por la tarifa reducida en beneficio de las personas con discapacidad, estudiantes, menores de edad \u00a0adultos mayores y bono de chatarrizaci\u00f3n.<\/p>\n<p style=\"text-align: justify;\">La lentitud para resolver los tr\u00e1mites por parte de la Agencia Nacional de Tr\u00e1nsito ANT, y Comisi\u00f3n de Tr\u00e1nsito del Ecuador CTE.<\/p>\n<p style=\"text-align: justify;\">La transferencia del manejo del tr\u00e1nsito a los Gobiernos Aut\u00f3nomos Descentralizados GAD\u00b4S, ha generado un rechazo a nivel nacional por parte de la transportaci\u00f3n, en vista de que los Alcaldes han politizado el tema.<\/p>\n<p style=\"text-align: justify;\">La implementaci\u00f3n del sistema de \u201cCaja Com\u00fan\u201d y que las unidades pasen a formar parte de los activos de las operadoras, es una propuesta que genera molestias.<\/p>\n<p style=\"text-align: justify;\">La falta de acci\u00f3n de la Polic\u00eda para controlar la ilegalidad e informalidad, es otro de los puntos.<\/p>\n<p style=\"text-align: justify;\">El tema que m\u00e1s preocupa, es la intenci\u00f3n de un grupo de legisladores de Alianza Pa\u00eds, encabezados por el \u00a0azuayo Diego Victimilla, de impulsar una reforma a la Ley de Transporte Tr\u00e1nsito y Seguridad Vial para crear la \u00a0modalidad de \u201cFurgonetas Interprovinciales\u201d, lo que perjudicar\u00eda al servicio interprovincial. Por lo que piden su archivo.<\/p>\n<p style=\"text-align: justify;\">Otro de los pedidos es que se permita la importaci\u00f3n de \u201cCHASIS\u201d libres de aranceles puesto que la ampliaci\u00f3n \u00a0de las Salvaguardias Arancelarias Andinas impide aquello. Adem\u00e1s sostienen que resulta beneficioso importar buses carrozados, porque en el pa\u00eds las f\u00e1bricas de carrocer\u00edas tienen costos exagerados.<\/p>\n<p style=\"text-align: justify;\">Los gremios que conforman la Federaci\u00f3n Nacional de Cooperativas de Transporte P\u00fablico de Pasajeros del Ecuador FENACOTIP, \u00a0amenazaron con cercar la Asamblea Nacional \u00a0si este tema entra en debate.<\/p>\n<p style=\"text-align: justify;\">La v\u00edspera de la Asamblea General, el Consejo de Administraci\u00f3n presidido por el \u00a0abogado Abel G\u00f3mez Cevallos, tom\u00f3 la iniciativa de distanciarse del gobierno; pero prefirieron que sean las bases de la Federaci\u00f3n quienes tomen la decisi\u00f3n final.<\/p>\n<p style=\"text-align: justify;\">El mismo d\u00eda que se tom\u00f3 la decisi\u00f3n de distanciarse, hubo reacciones al punto de que desde la Presidencia de la Rep\u00fablica, se pidi\u00f3 que una delegaci\u00f3n de FENACOTIP, acuda el lunes \u00a027 de junio a \u00a0Carondelet al tradicional cambio de guardia, para dialogar directamente con el Presidente Rafael Correa, sobre los temas planteados.<\/p>\n<p style=\"text-align: justify;\">Si bien la Transportaci\u00f3n P\u00fablica de Pasajeros del Ecuador, no teniene un acuerdo concreto con el r\u00e9gimen, siempre han \u00a0colaborado en la movilizaci\u00f3n gratuita de la gente a las contramarchas de apoyo al gobierno.<\/p>\n<p><a href=\"http:\/\/www.ecuadoraldia.com.ec\/wp-content\/uploads\/2016\/06\/mm.jpg\" rel=\"attachment wp-att-12417\"><img loading=\"lazy\" decoding=\"async\" class=\"size-medium wp-image-12417\" src=\"http:\/\/www.ecuadoraldia.com.ec\/wp-content\/uploads\/2016\/06\/mm-300x199.jpg\" alt=\"????????????????????????????????????\" width=\"300\" height=\"199\" srcset=\"https:\/\/www.ecuadoraldia.com.ec\/wp-content\/uploads\/2016\/06\/mm-300x199.jpg 300w, https:\/\/www.ecuadoraldia.com.ec\/wp-content\/uploads\/2016\/06\/mm.jpg 602w\" sizes=\"(max-width: 300px) 100vw, 300px\" \/><\/a><\/p>\n<p style=\"text-align: justify;\">El 16 de junio, la Federaci\u00f3n particip\u00f3 en la caminata convocada por el alcalde de la ciudad, Agust\u00edn Casanova, en agradecimiento al Pa\u00eds y al Mundo por la ayuda recibida, en favor de los damnificados del terremoto de 7.8 grados que azot\u00f3 las provincias de Manab\u00ed y Esmeraldas. (I) RM<\/p>\n<p style=\"text-align: justify;\">\n","protected":false},"excerpt":{"rendered":"<p>Portoviejo Manab\u00ed, 17-06-2016. Por unanimidad, los casi tres mil transportistas que acudieron a la Asamblea general extraordinaria, en un Club<\/p>\n","protected":false},"author":1,"featured_media":12441,"comment_status":"open","ping_status":"open","sticky":false,"template":"","format":"standard","meta":{"footnotes":""},"categories":[3],"tags":[],"_links":{"self":[{"href":"https:\/\/www.ecuadoraldia.com.ec\/index.php?rest_route=\/wp\/v2\/posts\/12415"}],"collection":[{"href":"https:\/\/www.ecuadoraldia.com.ec\/index.php?rest_route=\/wp\/v2\/posts"}],"about":[{"href":"https:\/\/www.ecuadoraldia.com.ec\/index.php?rest_route=\/wp\/v2\/types\/post"}],"author":[{"embeddable":true,"href":"https:\/\/www.ecuadoraldia.com.ec\/index.php?rest_route=\/wp\/v2\/users\/1"}],"replies":[{"embeddable":true,"href":"https:\/\/www.ecuadoraldia.com.ec\/index.php?rest_route=%2Fwp%2Fv2%2Fcomments&post=12415"}],"version-history":[{"count":3,"href":"https:\/\/www.ecuadoraldia.com.ec\/index.php?rest_route=\/wp\/v2\/posts\/12415\/revisions"}],"predecessor-version":[{"id":12442,"href":"https:\/\/www.ecuadoraldia.com.ec\/index.php?rest_route=\/wp\/v2\/posts\/12415\/revisions\/12442"}],"wp:featuredmedia":[{"embeddable":true,"href":"https:\/\/www.ecuadoraldia.com.ec\/index.php?rest_route=\/wp\/v2\/media\/12441"}],"wp:attachment":[{"href":"https:\/\/www.ecuadoraldia.com.ec\/index.php?rest_route=%2Fwp%2Fv2%2Fmedia&parent=12415"}],"wp:term":[{"taxonomy":"category","embeddable":true,"href":"https:\/\/www.ecuadoraldia.com.ec\/index.php?rest_route=%2Fwp%2Fv2%2Fcategories&post=12415"},{"taxonomy":"post_tag","embeddable":true,"href":"https:\/\/www.ecuadoraldia.com.ec\/index.php?rest_route=%2Fwp%2Fv2%2Ftags&post=12415"}],"curies":[{"name":"wp","href":"https:\/\/api.w.org\/{rel}","templated":true}]}}