{"id":12420,"date":"2016-06-19T18:44:23","date_gmt":"2016-06-19T18:44:23","guid":{"rendered":"http:\/\/www.ecuadoraldia.com.ec\/?p=12420"},"modified":"2016-06-19T18:44:23","modified_gmt":"2016-06-19T18:44:23","slug":"unasur-buscara-soluciones-a-la-crisis-venezolana","status":"publish","type":"post","link":"https:\/\/www.ecuadoraldia.com.ec\/?p=12420","title":{"rendered":"Unasur buscar\u00e1 soluciones a la crisis venezolana"},"content":{"rendered":"<figure id=\"attachment_12421\" aria-describedby=\"caption-attachment-12421\" style=\"width: 300px\" class=\"wp-caption alignleft\"><a href=\"http:\/\/www.ecuadoraldia.com.ec\/wp-content\/uploads\/2016\/06\/Edificio-Unasur.jpg\" rel=\"attachment wp-att-12421\"><img loading=\"lazy\" decoding=\"async\" class=\"size-medium wp-image-12421\" src=\"http:\/\/www.ecuadoraldia.com.ec\/wp-content\/uploads\/2016\/06\/Edificio-Unasur-300x193.jpg\" alt=\"En esta sede se reunir\u00e1n los delegados de la Unasur\" width=\"300\" height=\"193\" srcset=\"https:\/\/www.ecuadoraldia.com.ec\/wp-content\/uploads\/2016\/06\/Edificio-Unasur-300x193.jpg 300w, https:\/\/www.ecuadoraldia.com.ec\/wp-content\/uploads\/2016\/06\/Edificio-Unasur-768x493.jpg 768w, https:\/\/www.ecuadoraldia.com.ec\/wp-content\/uploads\/2016\/06\/Edificio-Unasur.jpg 830w\" sizes=\"(max-width: 300px) 100vw, 300px\" \/><\/a><figcaption id=\"caption-attachment-12421\" class=\"wp-caption-text\">En esta sede se reunir\u00e1n los delegados de la Unasur<\/figcaption><\/figure>\n<p style=\"text-align: justify;\">Quito, 19 de junio de 2016. Los cancilleres de los pa\u00edses miembros de la Uni\u00f3n de Naciones Suramericanas UNASUR, se reunir\u00e1n en Quito el 23 de junio para buscar soluciones a la crisis pol\u00edtica y econ\u00f3mica que atraviesa la Rep\u00fablica bolivariana de Venezuela.<\/p>\n<p style=\"text-align: justify;\">El encuentro fue convocado el s\u00e1bado por la Secretar\u00eda General de la Unasur a trav\u00e9s de un comunicado en el que hace se menciona que asistir\u00e1n a la cita los expresidentes Jos\u00e9 Luis Rodr\u00edguez Zapatero de Espa\u00f1a, Leonel Fern\u00e1ndez de Rep\u00fablica Dominicana y Mart\u00edn Torrijos de Panam\u00e1, a quienes semanas se les encargado liderar el di\u00e1logo entre el gobierno del Presidente Nicol\u00e1s Maduro y la oposici\u00f3n venezolana.<\/p>\n<p style=\"text-align: justify;\">El llamado extraordinario a los cancilleres responde al incremento de la convulsi\u00f3n social en Venezuela en el transcurso de la semana, cuando se registraron varios saqueos a los comercios de la ciudad oriental de Cuman\u00e1, estado de Sucre, debido a la escasez de alimentos y medicinas en todo el pa\u00eds.<\/p>\n<p style=\"text-align: justify;\">Precisamente este s\u00e1bado, Nicol\u00e1s Maduro inform\u00f3 en alocuci\u00f3n televisada de la captura de \u00abl\u00edderes de la ultraderecha\u00bb, se\u00f1alados de pagar, estimular y participar en los actos de violencia. \u00abTenemos los videos, los testimonios, las fotos, las grabaciones de las personas que contrataron\u00bb, sostuvo el mandatario, quien no precis\u00f3 la cantidad de capturados.<\/p>\n<p style=\"text-align: justify;\">La oposici\u00f3n venezolana ha negado siempre instigar cualquier acto violento y responsabiliza al gobierno de la situaci\u00f3n en un pa\u00eds donde se estima que la inflaci\u00f3n podr\u00eda llegar al 720% al cierre de 2016. (I)-<\/p>\n","protected":false},"excerpt":{"rendered":"<p>Quito, 19 de junio de 2016. Los cancilleres de los pa\u00edses miembros de la Uni\u00f3n de Naciones Suramericanas UNASUR, se<\/p>\n","protected":false},"author":1,"featured_media":12421,"comment_status":"open","ping_status":"open","sticky":false,"template":"","format":"standard","meta":{"footnotes":""},"categories":[3],"tags":[],"_links":{"self":[{"href":"https:\/\/www.ecuadoraldia.com.ec\/index.php?rest_route=\/wp\/v2\/posts\/12420"}],"collection":[{"href":"https:\/\/www.ecuadoraldia.com.ec\/index.php?rest_route=\/wp\/v2\/posts"}],"about":[{"href":"https:\/\/www.ecuadoraldia.com.ec\/index.php?rest_route=\/wp\/v2\/types\/post"}],"author":[{"embeddable":true,"href":"https:\/\/www.ecuadoraldia.com.ec\/index.php?rest_route=\/wp\/v2\/users\/1"}],"replies":[{"embeddable":true,"href":"https:\/\/www.ecuadoraldia.com.ec\/index.php?rest_route=%2Fwp%2Fv2%2Fcomments&post=12420"}],"version-history":[{"count":1,"href":"https:\/\/www.ecuadoraldia.com.ec\/index.php?rest_route=\/wp\/v2\/posts\/12420\/revisions"}],"predecessor-version":[{"id":12422,"href":"https:\/\/www.ecuadoraldia.com.ec\/index.php?rest_route=\/wp\/v2\/posts\/12420\/revisions\/12422"}],"wp:featuredmedia":[{"embeddable":true,"href":"https:\/\/www.ecuadoraldia.com.ec\/index.php?rest_route=\/wp\/v2\/media\/12421"}],"wp:attachment":[{"href":"https:\/\/www.ecuadoraldia.com.ec\/index.php?rest_route=%2Fwp%2Fv2%2Fmedia&parent=12420"}],"wp:term":[{"taxonomy":"category","embeddable":true,"href":"https:\/\/www.ecuadoraldia.com.ec\/index.php?rest_route=%2Fwp%2Fv2%2Fcategories&post=12420"},{"taxonomy":"post_tag","embeddable":true,"href":"https:\/\/www.ecuadoraldia.com.ec\/index.php?rest_route=%2Fwp%2Fv2%2Ftags&post=12420"}],"curies":[{"name":"wp","href":"https:\/\/api.w.org\/{rel}","templated":true}]}}