{"id":12423,"date":"2016-06-19T18:46:44","date_gmt":"2016-06-19T18:46:44","guid":{"rendered":"http:\/\/www.ecuadoraldia.com.ec\/?p=12423"},"modified":"2016-06-19T18:46:44","modified_gmt":"2016-06-19T18:46:44","slug":"japon-tomara-medidas-militares-si-china-vuelve-a-entrar-en-sus-aguas","status":"publish","type":"post","link":"https:\/\/www.ecuadoraldia.com.ec\/?p=12423","title":{"rendered":"Jap\u00f3n tomar\u00e1 medidas militares si China vuelve a entrar en sus aguas"},"content":{"rendered":"<p style=\"text-align: justify;\"><a href=\"http:\/\/www.ecuadoraldia.com.ec\/wp-content\/uploads\/2016\/06\/japon.jpg\" rel=\"attachment wp-att-12424\"><img loading=\"lazy\" decoding=\"async\" class=\"alignleft size-medium wp-image-12424\" src=\"http:\/\/www.ecuadoraldia.com.ec\/wp-content\/uploads\/2016\/06\/japon-300x169.jpg\" alt=\"japon\" width=\"300\" height=\"169\" srcset=\"https:\/\/www.ecuadoraldia.com.ec\/wp-content\/uploads\/2016\/06\/japon-300x169.jpg 300w, https:\/\/www.ecuadoraldia.com.ec\/wp-content\/uploads\/2016\/06\/japon.jpg 600w\" sizes=\"(max-width: 300px) 100vw, 300px\" \/><\/a>(AP). El Gobierno de Jap\u00f3n advirti\u00f3 a Pek\u00edn de posibles medidas militares si alg\u00fan buque chino vuelve a aproximarse o penetrar en sus aguas tras el incidente de la semana pasada, seg\u00fan dijeron hoy fuentes de Tokio a la agencia local Kyodo.<\/p>\n<p style=\"text-align: justify;\">El mensaje fue enviado por el viceministro japon\u00e9s de Asuntos Exteriores, Akitaka Saiki, al embajador de China en Jap\u00f3n, Cheng Yonghua, durante una conversaci\u00f3n que ambos mantuvieron el 9 de junio tras la aproximaci\u00f3n de una fragata china a las disputadas islas Senkaku, seg\u00fan las citadas fuentes gubernamentales.<\/p>\n<p style=\"text-align: justify;\">El responsable japon\u00e9s aludi\u00f3 as\u00ed a la posibilidad de que las Fuerzas Mar\u00edtimas de Auto Defensa, como se conoce a su marina, intervengan y puedan emplear armas en casos que supongan una amenaza para la demarcaci\u00f3n territorial del pa\u00eds.<\/p>\n<p style=\"text-align: justify;\">Jap\u00f3n y China mantienen una disputa sobre las islas Senkaku (AP) Jap\u00f3n y China mantienen una disputa sobre las islas Senkaku (AP)<br \/>\nEl jueves, el ministro japon\u00e9s de Exteriores, Fumio Kishida, expres\u00f3 su preocupaci\u00f3n por la \u00abescalada unilateral de las acciones de China\u00bb en aguas pr\u00f3ximas a Jap\u00f3n, y advirti\u00f3 de que este pa\u00eds est\u00e1 \u00abplenamente preparado para proteger su territorio\u00bb.<\/p>\n<p style=\"text-align: justify;\">En tanto el mi\u00e9rcoles un buque chino de reconocimiento militar realiz\u00f3 una breve incursi\u00f3n en aguas japonesas pr\u00f3ximas a la peque\u00f1a isla de Kuchinoerabu, en el sudoeste del pa\u00eds, mientras que una semana antes otra fragata china se aproxim\u00f3 a las islas Senkaku, cuya soberan\u00eda se disputan ambos pa\u00edses.<\/p>\n<p style=\"text-align: justify;\">Durante el incidente del pasado mi\u00e9rcoles, las Fuerzas Mar\u00edtimas de Auto Defensa no dieron orden de emplear armas en caso necesario puesto que el barco chino naveg\u00f3 en todo momento con rumbo fijo sin realizar paradas.<\/p>\n<p style=\"text-align: justify;\">Fue en noviembre de 2004 cuando un submarino se acerc\u00f3 a una isla de Okinawa y Jap\u00f3n estim\u00f3 que no hubo \u00abpaso inocente\u00bb, puesto que el nav\u00edo se aproxim\u00f3 a la costa sumergido.<\/p>\n<p style=\"text-align: justify;\">La tensi\u00f3n en los mares de China Oriental y Meridional se increment\u00f3 en los \u00faltimos a\u00f1os ante la creciente pujanza mar\u00edtima de Pek\u00edn -que mantiene varias disputas territoriales con diferentes pa\u00edses en estas aguas- en una zona que cuenta con la presencia la VII flota estadounidense. (I)<\/p>\n","protected":false},"excerpt":{"rendered":"<p>(AP). El Gobierno de Jap\u00f3n advirti\u00f3 a Pek\u00edn de posibles medidas militares si alg\u00fan buque chino vuelve a aproximarse o<\/p>\n","protected":false},"author":1,"featured_media":12424,"comment_status":"open","ping_status":"open","sticky":false,"template":"","format":"standard","meta":{"footnotes":""},"categories":[7],"tags":[],"_links":{"self":[{"href":"https:\/\/www.ecuadoraldia.com.ec\/index.php?rest_route=\/wp\/v2\/posts\/12423"}],"collection":[{"href":"https:\/\/www.ecuadoraldia.com.ec\/index.php?rest_route=\/wp\/v2\/posts"}],"about":[{"href":"https:\/\/www.ecuadoraldia.com.ec\/index.php?rest_route=\/wp\/v2\/types\/post"}],"author":[{"embeddable":true,"href":"https:\/\/www.ecuadoraldia.com.ec\/index.php?rest_route=\/wp\/v2\/users\/1"}],"replies":[{"embeddable":true,"href":"https:\/\/www.ecuadoraldia.com.ec\/index.php?rest_route=%2Fwp%2Fv2%2Fcomments&post=12423"}],"version-history":[{"count":1,"href":"https:\/\/www.ecuadoraldia.com.ec\/index.php?rest_route=\/wp\/v2\/posts\/12423\/revisions"}],"predecessor-version":[{"id":12425,"href":"https:\/\/www.ecuadoraldia.com.ec\/index.php?rest_route=\/wp\/v2\/posts\/12423\/revisions\/12425"}],"wp:featuredmedia":[{"embeddable":true,"href":"https:\/\/www.ecuadoraldia.com.ec\/index.php?rest_route=\/wp\/v2\/media\/12424"}],"wp:attachment":[{"href":"https:\/\/www.ecuadoraldia.com.ec\/index.php?rest_route=%2Fwp%2Fv2%2Fmedia&parent=12423"}],"wp:term":[{"taxonomy":"category","embeddable":true,"href":"https:\/\/www.ecuadoraldia.com.ec\/index.php?rest_route=%2Fwp%2Fv2%2Fcategories&post=12423"},{"taxonomy":"post_tag","embeddable":true,"href":"https:\/\/www.ecuadoraldia.com.ec\/index.php?rest_route=%2Fwp%2Fv2%2Ftags&post=12423"}],"curies":[{"name":"wp","href":"https:\/\/api.w.org\/{rel}","templated":true}]}}