{"id":12480,"date":"2016-06-23T19:24:11","date_gmt":"2016-06-23T19:24:11","guid":{"rendered":"http:\/\/www.ecuadoraldia.com.ec\/?p=12480"},"modified":"2016-06-23T19:24:11","modified_gmt":"2016-06-23T19:24:11","slug":"el-gobierno-colombiano-y-las-farc-firmaron-cese-definitivo-al-fuego","status":"publish","type":"post","link":"https:\/\/www.ecuadoraldia.com.ec\/?p=12480","title":{"rendered":"El gobierno colombiano y las FARC firmaron  cese definitivo al fuego"},"content":{"rendered":"<figure id=\"attachment_12481\" aria-describedby=\"caption-attachment-12481\" style=\"width: 300px\" class=\"wp-caption alignleft\"><a href=\"http:\/\/www.ecuadoraldia.com.ec\/wp-content\/uploads\/2016\/06\/acuerdo.jpg\" rel=\"attachment wp-att-12481\"><img loading=\"lazy\" decoding=\"async\" class=\"size-medium wp-image-12481\" src=\"http:\/\/www.ecuadoraldia.com.ec\/wp-content\/uploads\/2016\/06\/acuerdo-300x200.jpg\" alt=\"El gobierno colombiano y las FARC oficializaron este jueves en La Habana el abandono de las armas por parte de la guerrilla y la garant\u00eda de seguridad para los desmovilizados.\" width=\"300\" height=\"200\" srcset=\"https:\/\/www.ecuadoraldia.com.ec\/wp-content\/uploads\/2016\/06\/acuerdo-300x200.jpg 300w, https:\/\/www.ecuadoraldia.com.ec\/wp-content\/uploads\/2016\/06\/acuerdo-768x512.jpg 768w, https:\/\/www.ecuadoraldia.com.ec\/wp-content\/uploads\/2016\/06\/acuerdo.jpg 999w\" sizes=\"(max-width: 300px) 100vw, 300px\" \/><\/a><figcaption id=\"caption-attachment-12481\" class=\"wp-caption-text\">El gobierno colombiano y las FARC oficializaron \u00a0el abandono de las armas.<\/figcaption><\/figure>\n<p style=\"text-align: justify;\">El gobierno colombiano y las FARC oficializaron este jueves en La Habana el abandono de las armas por parte de la guerrilla y la garant\u00eda de seguridad para los desmovilizados.<\/p>\n<p style=\"text-align: justify;\">Uno de los puntos de lo firmado establece que Naciones Unidas tomar\u00e1 la totalidad de las armas de las FARC. \u00abLa ONU recibe la totalidad del armamento de las FARC-EP para destinarlo a la construcci\u00f3n de 3 monumentos, acordados entre el gobierno nacional y las FARC-EP\u00bb, se\u00f1al\u00f3 el acuerdo suscrito en La Habana para un cese del fuego definitivo en Colombia.<\/p>\n<p style=\"text-align: justify;\">El pacto remarca que las FARC terminar\u00e1n la entrega de armas a Naciones Unidas 180 d\u00edas a contar a partir de este jueves.<\/p>\n<p style=\"text-align: justify;\">\nAdem\u00e1s, seg\u00fan el documento, una vez que entre en vigor el acuerdo, a partir del primer d\u00eda \u00abla Fuerza P\u00fablica reorganizar\u00e1 sus esquemas para que las FARC puedan retornar y reorganizarse en 23 zonas\u00bb. A partir del d\u00eda cinco, se \u00abdesplazar\u00e1n a esas zonas siguiendo las rutas establecidos en el acuerdo\u00bb.<\/p>\n<p style=\"text-align: justify;\">Tras firmar el acuerdo, el jefe de las FARC, Timole\u00f3n Jim\u00e9nez alias \u00abTimochenko\u00bb, advirti\u00f3 durante su discurso que el gobierno colombiano y la guerrilla est\u00e1n muy cerca de la firma del acuerdo final. \u00abEstamos a las puertas de un acuerdo final\u00bb, asegur\u00f3, y dese\u00f3 \u00abque este sea el \u00faltimo d\u00eda de la guerra\u00bb.<\/p>\n<p style=\"text-align: justify;\">Por su parte, el presidente cubano Ra\u00fal Castro, garante del di\u00e1logo en La Habana, declar\u00f3: \u00abEl proceso de paz no tiene vuelta atr\u00e1s. \u00c9sta es la victoria de Colombia pero tambi\u00e9n de toda nuestra Am\u00e9rica\u00bb. Y agreg\u00f3: \u00abAnte las diferencias, di\u00e1logo. Ante los retos, concertaci\u00f3n. La paz en Colombia ser\u00e1 una esperanza para millones de personas en el planeta que luchan por sobrevivir\u00bb.<\/p>\n<p style=\"text-align: justify;\">Tambi\u00e9n tom\u00f3 la palabra el secretario general de las Naciones Unidas, Ban Ki-moon, quien tras manifestar su \u00abprofunda admiraci\u00f3n\u00bb por los equipos negociadores, se\u00f1al\u00f3 que \u00abel proceso de paz colombiano valida la perseverancia de todos aquellos que pelean por poner fin a los conflictos en todo el mundo\u00bb.<\/p>\n<p style=\"text-align: justify;\">El gobierno colombiano y las FARC negocian desde noviembre de 2012 en La Habana un acuerdo que permita establecer una paz \u00abduradera y estable\u00bb en Colombia, con base en una agenda de seis puntos, de los cuales han alcanzado pactos provisionales en cinco, entre ellos uno de lucha contra el narcotr\u00e1fico y otro de reparaci\u00f3n a las v\u00edctimas.<\/p>\n<p style=\"text-align: justify;\">Las partes anunciaron que se concluy\u00f3 la discusi\u00f3n sobre el espinoso punto sobre el fin el conflicto, que incluye el alto el fuego, la dejaci\u00f3n de armas, el cese de hostilidades y las garant\u00edas de seguridad para los rebeldes.<\/p>\n<p style=\"text-align: justify;\">Los mandatarios Nicol\u00e1s Maduro y Michelle Bachelet presenciaron el anuncio en La Habana Los mandatarios Nicol\u00e1s Maduro y Michelle Bachelet presenciaron el anuncio en La Habana<br \/>\nEl acto en La Habana estuvo encabezado por Santos y el jefe supremo de las FARC, Timole\u00f3n Jim\u00e9nez, \u00abTimochenko\u00bb. Adem\u00e1s, estuvieron presentes representantes de los pa\u00edses garantes del proceso de paz: por Cuba, el presidente Ra\u00fal Castro, y por Noruega, el canciller Borge Brende; y de los pa\u00edses acompa\u00f1antes: los presidentes de Chile, Michelle Bachelet, y de Venezuela, Nicol\u00e1s Maduro.<\/p>\n<p style=\"text-align: justify;\">La firma de este acuerdo sobre el fin del conflicto con las FARC abre la puerta para sellar la paz definitiva, que, seg\u00fan anunciaron las partes, puede tener lugar en las pr\u00f3ximas semanas.<\/p>\n<p style=\"text-align: justify;\">El conflicto colombiano ha enfrentado durante m\u00e1s de 50 a\u00f1os a guerrillas, paramilitares, miembros de la fuerza p\u00fablica y grupos del narcotr\u00e1fico y ha dejado un saldo de alrededor de 260.000 muertos, 45.000 desaparecidos y 6,9 millones de desplazados. EFE<\/p>\n","protected":false},"excerpt":{"rendered":"<p>El gobierno colombiano y las FARC oficializaron este jueves en La Habana el abandono de las armas por parte de<\/p>\n","protected":false},"author":1,"featured_media":12481,"comment_status":"open","ping_status":"open","sticky":false,"template":"","format":"standard","meta":{"footnotes":""},"categories":[1],"tags":[],"_links":{"self":[{"href":"https:\/\/www.ecuadoraldia.com.ec\/index.php?rest_route=\/wp\/v2\/posts\/12480"}],"collection":[{"href":"https:\/\/www.ecuadoraldia.com.ec\/index.php?rest_route=\/wp\/v2\/posts"}],"about":[{"href":"https:\/\/www.ecuadoraldia.com.ec\/index.php?rest_route=\/wp\/v2\/types\/post"}],"author":[{"embeddable":true,"href":"https:\/\/www.ecuadoraldia.com.ec\/index.php?rest_route=\/wp\/v2\/users\/1"}],"replies":[{"embeddable":true,"href":"https:\/\/www.ecuadoraldia.com.ec\/index.php?rest_route=%2Fwp%2Fv2%2Fcomments&post=12480"}],"version-history":[{"count":1,"href":"https:\/\/www.ecuadoraldia.com.ec\/index.php?rest_route=\/wp\/v2\/posts\/12480\/revisions"}],"predecessor-version":[{"id":12482,"href":"https:\/\/www.ecuadoraldia.com.ec\/index.php?rest_route=\/wp\/v2\/posts\/12480\/revisions\/12482"}],"wp:featuredmedia":[{"embeddable":true,"href":"https:\/\/www.ecuadoraldia.com.ec\/index.php?rest_route=\/wp\/v2\/media\/12481"}],"wp:attachment":[{"href":"https:\/\/www.ecuadoraldia.com.ec\/index.php?rest_route=%2Fwp%2Fv2%2Fmedia&parent=12480"}],"wp:term":[{"taxonomy":"category","embeddable":true,"href":"https:\/\/www.ecuadoraldia.com.ec\/index.php?rest_route=%2Fwp%2Fv2%2Fcategories&post=12480"},{"taxonomy":"post_tag","embeddable":true,"href":"https:\/\/www.ecuadoraldia.com.ec\/index.php?rest_route=%2Fwp%2Fv2%2Ftags&post=12480"}],"curies":[{"name":"wp","href":"https:\/\/api.w.org\/{rel}","templated":true}]}}