{"id":12544,"date":"2016-06-25T14:30:43","date_gmt":"2016-06-25T14:30:43","guid":{"rendered":"http:\/\/www.ecuadoraldia.com.ec\/?p=12544"},"modified":"2016-06-25T14:37:01","modified_gmt":"2016-06-25T14:37:01","slug":"el-universo-discrepa-con-interpretacion-de-la-procuraduria-a-una-accion-de-la-cidh","status":"publish","type":"post","link":"https:\/\/www.ecuadoraldia.com.ec\/?p=12544","title":{"rendered":"EL UNIVERSO discrepa con interpretaci\u00f3n de la Procuradur\u00eda a una acci\u00f3n de la CIDH"},"content":{"rendered":"<p><a href=\"http:\/\/www.ecuadoraldia.com.ec\/wp-content\/uploads\/2016\/06\/procuraduria-ecuador.jpg\" rel=\"attachment wp-att-12546\"><img loading=\"lazy\" decoding=\"async\" class=\"size-medium wp-image-12546\" src=\"http:\/\/www.ecuadoraldia.com.ec\/wp-content\/uploads\/2016\/06\/procuraduria-ecuador-300x188.jpg\" alt=\"SONY DSC\" width=\"300\" height=\"188\" srcset=\"https:\/\/www.ecuadoraldia.com.ec\/wp-content\/uploads\/2016\/06\/procuraduria-ecuador-300x188.jpg 300w, https:\/\/www.ecuadoraldia.com.ec\/wp-content\/uploads\/2016\/06\/procuraduria-ecuador-768x482.jpg 768w, https:\/\/www.ecuadoraldia.com.ec\/wp-content\/uploads\/2016\/06\/procuraduria-ecuador.jpg 1000w\" sizes=\"(max-width: 300px) 100vw, 300px\" \/><\/a><\/p>\n<p style=\"text-align: justify;\">Diario EL UNIVERSO, a trav\u00e9s de un comunicado a la ciudadan\u00eda, expres\u00f3 su rechazo a la afirmaci\u00f3n de la Procuradur\u00eda General del Estado ecuatoriano, replicado en medios oficiales del gobierno del Ecuador, en el sentido de que la Comisi\u00f3n Interamericana de Derechos Humanos CIDH habr\u00eda decidido \u00abnegar\u00bb unas medidas cautelares solicitadas ante la recurrencia de sanciones econ\u00f3micas que en su momento pod\u00eda aplicar la Superintendencia de Comunicaci\u00f3n, Supercom.<\/p>\n<p style=\"text-align: justify;\">En el comunicado se discrepa adem\u00e1s con la afirmaci\u00f3n de que el Estado ha \u201cdemostrado\u201d ante la CIDH que no existen da\u00f1os a los derechos humanos de los trabajadores del diario EL UNIVERSO. Lo que ha expresado la CIDH es que con \u201cla informaci\u00f3n aportada hasta la fecha no re\u00fane los requisitos establecidos en el art\u00edculo 25 de su Reglamento\u201d, dice el diario.<\/p>\n<p style=\"text-align: justify;\">Y explica luego que tal acci\u00f3n \u00absignifica, conforme al Reglamento de la CIDH y su jurisprudencia, que los solicitantes de las medidas cautelares pueden si as\u00ed lo desean, aportar de ahora en adelante informaci\u00f3n adicional y complementaria, o volver a solicitar nuevas medidas cautelares, a fin de que la CIDH cuente con los elementos suficientes para acordarlas\u00bb.<\/p>\n<p style=\"text-align: justify;\">Al mismo tiempo, en el Sistema Interamericano de Derechos Humanos, corre el plazo de 4 meses que el 26 de mayo anterior la CIDH le dio al gobierno ecuatoriano para que presente documentaci\u00f3n en torno al proceso que se le sigue por el juicio auspiciado por el presidente Rafael Correa, en el que se conden\u00f3 a 3 a\u00f1os de prisi\u00f3n a los directivos de EL UNIVERSO y a la instituci\u00f3n al pago -luego no ejecutado por el beneficiario- de $ 40 millones como indemnizaci\u00f3n. Caso que estar\u00eda pr\u00f3ximo a pasar a la Corte Interamericana de Derechos Humanos. (I)<\/p>\n<p style=\"text-align: justify;\"><a href=\"http:\/\/www.ecuadoraldia.com.ec\/wp-content\/uploads\/2016\/06\/el-universo-diario.jpg\" rel=\"attachment wp-att-12545\"><img loading=\"lazy\" decoding=\"async\" class=\"alignleft size-medium wp-image-12545\" src=\"http:\/\/www.ecuadoraldia.com.ec\/wp-content\/uploads\/2016\/06\/el-universo-diario-300x194.jpg\" alt=\"el universo diario\" width=\"300\" height=\"194\" srcset=\"https:\/\/www.ecuadoraldia.com.ec\/wp-content\/uploads\/2016\/06\/el-universo-diario-300x194.jpg 300w, https:\/\/www.ecuadoraldia.com.ec\/wp-content\/uploads\/2016\/06\/el-universo-diario.jpg 470w\" sizes=\"(max-width: 300px) 100vw, 300px\" \/><\/a>COMUNICADO DE DIARIO EL UNIVERSO A LA CIUDADAN\u00cdA<\/p>\n<p style=\"text-align: justify;\">La Comisi\u00f3n Interamericana de Derechos Humanos no ha \u201cnegado\u201d las medidas cautelares pedidas por diario El Universo.<\/p>\n<p style=\"text-align: justify;\">El diario El Universo rechaza la informaci\u00f3n oficial contenida en el comunicado de la Procuradur\u00eda General del Estado y en los medios oficiales, seg\u00fan la cual la Comisi\u00f3n Interamericana de Derechos Humanos (CIDH) habr\u00eda decidido \u201cnegar\u201d medidas cautelares pedidas por este medio de comunicaci\u00f3n.<\/p>\n<p style=\"text-align: justify;\">Discrepa adem\u00e1s con la afirmaci\u00f3n de que el Estado ha \u201cdemostrado\u201d ante la CIDH que no existen da\u00f1os a los derechos humanos de los trabajadores del diario El Universo por causa de las restricciones y sanciones impuestas por la Superintendencia de Comunicaci\u00f3n, Supercom.<\/p>\n<p style=\"text-align: justify;\">Los Gerentes y trabajadores del diario El Universo recibieron este viernes una comunicaci\u00f3n de la CIDH, en la cual les informan que, con relaci\u00f3n a su solicitud de medidas cautelares No. 237-15 que con \u201cla informaci\u00f3n aportada hasta la fecha no re\u00fane los requisitos establecidos en el art\u00edculo 25 de su Reglamento\u201d.<\/p>\n<p style=\"text-align: justify;\">No dice el organismo que ha negado o rechazado otorgarle a los periodistas, gerentes y dem\u00e1s trabajadores del diario El Universo, las medidas cautelares solicitadas ante la situaci\u00f3n de gravedad y urgencia que suponen los reiterados casos de acoso y censura previa impulsados desde el poder y sancionados con multas arbitrarias y exorbitantes.<\/p>\n<p style=\"text-align: justify;\">El hecho de que la CIDH considere que hasta la fecha no cuenta con los elementos suficientes, no impide que las v\u00edctimas puedan insistir en cualquier momento las medidas cautelares suministrando informaci\u00f3n adicional. Lo \u00fanico que ha decidido la CIDH es que con la informaci\u00f3n que hab\u00eda sido aportada hasta la fecha, aun no se reunir\u00edan los requisitos reglamentarios. Ello significa, conforme al Reglamento de la CIDH y su jurisprudencia, que los solicitantes de las medidas cautelares pueden si as\u00ed lo desean, aportar de ahora en adelante informaci\u00f3n adicional y complementaria, o volver a solicitar nuevas medidas cautelares, a fin de que la CIDH cuente con los elementos suficientes para acordarlas. Adem\u00e1s, debido a la gravedad de la situaci\u00f3n que amenaza con causar da\u00f1os irreparables a las v\u00edctimas y la falta de recursos judiciales efectivos que protejan al diario El Universo ante tribunales independientes e imparciales en Ecuador, los solicitantes podr\u00e1n en cualquier momento presentar su caso ante la CIDH acompa\u00f1ado de un nuevo pedido urgente de medidas cautelares.<\/p>\n<p style=\"text-align: justify;\">Esta situaci\u00f3n pone en evidencia que Ecuador tiene un problema estructural que restringe la libertad de expresi\u00f3n y afecta su democracia, y este es la Ley de Comunicaci\u00f3n. Sobre ello ya se han pronunciado en repetidas oportunidades expertos nacionales e internacionales, incluida la CIDH y su Relator\u00eda de Libertad de Expresi\u00f3n, advirtiendo que sus disposiciones violan los est\u00e1ndares internacionales y las obligaciones internacionales de Ecuador bajo la Convenci\u00f3n Americana sobre Derechos Humanos y la jurisprudencia de la Corte Interamericana de Derechos Humanos. Recordemos adem\u00e1s, que bajo la Carta Democr\u00e1tica Interamericana uno de los elementos esenciales de la democracia es el respeto y la garant\u00eda efectiva de la libertad de expresi\u00f3n.<\/p>\n<p style=\"text-align: justify;\">El diario El Universo ratifica su compromiso con la sociedad ecuatoriana de seguir ejerciendo su derecho a buscar, recibir y divulgar informaci\u00f3n y opiniones de toda \u00edndole y sin censura previa, mediante el periodismo serio y responsable que nos ha caracterizado por m\u00e1s de nueve d\u00e9cadas. Solo una ciudadan\u00eda bien informada es libre. Por ello rechazamos la imposici\u00f3n de una l\u00ednea de informaci\u00f3n y opini\u00f3n que sea la oficial, y seguiremos luchando ante las instancias nacionales e internacionales para defender la libertad de expresi\u00f3n de los ecuatorianos y ecuatorianas. (I) Fuente el Universo<\/p>\n","protected":false},"excerpt":{"rendered":"<p>Diario EL UNIVERSO, a trav\u00e9s de un comunicado a la ciudadan\u00eda, expres\u00f3 su rechazo a la afirmaci\u00f3n de la Procuradur\u00eda<\/p>\n","protected":false},"author":1,"featured_media":12545,"comment_status":"open","ping_status":"open","sticky":false,"template":"","format":"standard","meta":{"footnotes":""},"categories":[3],"tags":[],"_links":{"self":[{"href":"https:\/\/www.ecuadoraldia.com.ec\/index.php?rest_route=\/wp\/v2\/posts\/12544"}],"collection":[{"href":"https:\/\/www.ecuadoraldia.com.ec\/index.php?rest_route=\/wp\/v2\/posts"}],"about":[{"href":"https:\/\/www.ecuadoraldia.com.ec\/index.php?rest_route=\/wp\/v2\/types\/post"}],"author":[{"embeddable":true,"href":"https:\/\/www.ecuadoraldia.com.ec\/index.php?rest_route=\/wp\/v2\/users\/1"}],"replies":[{"embeddable":true,"href":"https:\/\/www.ecuadoraldia.com.ec\/index.php?rest_route=%2Fwp%2Fv2%2Fcomments&post=12544"}],"version-history":[{"count":2,"href":"https:\/\/www.ecuadoraldia.com.ec\/index.php?rest_route=\/wp\/v2\/posts\/12544\/revisions"}],"predecessor-version":[{"id":12551,"href":"https:\/\/www.ecuadoraldia.com.ec\/index.php?rest_route=\/wp\/v2\/posts\/12544\/revisions\/12551"}],"wp:featuredmedia":[{"embeddable":true,"href":"https:\/\/www.ecuadoraldia.com.ec\/index.php?rest_route=\/wp\/v2\/media\/12545"}],"wp:attachment":[{"href":"https:\/\/www.ecuadoraldia.com.ec\/index.php?rest_route=%2Fwp%2Fv2%2Fmedia&parent=12544"}],"wp:term":[{"taxonomy":"category","embeddable":true,"href":"https:\/\/www.ecuadoraldia.com.ec\/index.php?rest_route=%2Fwp%2Fv2%2Fcategories&post=12544"},{"taxonomy":"post_tag","embeddable":true,"href":"https:\/\/www.ecuadoraldia.com.ec\/index.php?rest_route=%2Fwp%2Fv2%2Ftags&post=12544"}],"curies":[{"name":"wp","href":"https:\/\/api.w.org\/{rel}","templated":true}]}}