{"id":12548,"date":"2016-06-25T14:35:37","date_gmt":"2016-06-25T14:35:37","guid":{"rendered":"http:\/\/www.ecuadoraldia.com.ec\/?p=12548"},"modified":"2016-06-25T14:47:07","modified_gmt":"2016-06-25T14:47:07","slug":"brexit-no-alteraria-firma-de-tratado-comercial-entre-u-e-y-ecuador","status":"publish","type":"post","link":"https:\/\/www.ecuadoraldia.com.ec\/?p=12548","title":{"rendered":"Brexit no alterar\u00eda firma de acuerdo comercial entre UE y Ecuador"},"content":{"rendered":"<p style=\"text-align: justify;\"><a href=\"http:\/\/www.ecuadoraldia.com.ec\/wp-content\/uploads\/2016\/06\/ue-ecuador.jpg\" rel=\"attachment wp-att-12549\"><img loading=\"lazy\" decoding=\"async\" class=\"alignleft size-medium wp-image-12549\" src=\"http:\/\/www.ecuadoraldia.com.ec\/wp-content\/uploads\/2016\/06\/ue-ecuador-300x215.jpg\" alt=\"ue ecuador\" width=\"300\" height=\"215\" srcset=\"https:\/\/www.ecuadoraldia.com.ec\/wp-content\/uploads\/2016\/06\/ue-ecuador-300x215.jpg 300w, https:\/\/www.ecuadoraldia.com.ec\/wp-content\/uploads\/2016\/06\/ue-ecuador.jpg 419w\" sizes=\"(max-width: 300px) 100vw, 300px\" \/><\/a>Euroesc\u00e9pticos claman victoria y llaman a un refer\u00e9ndum en sus pa\u00edses tras triunfo del Brexit<br \/>\nLa reciente decisi\u00f3n tomada por Gran Breta\u00f1a, a trav\u00e9s de un referendo, de separarse de la Uni\u00f3n Europea (UE) no traer\u00eda consecuencias directas para que se cumplan los tiempos programados y se ratifique la adhesi\u00f3n de Ecuador al acuerdo comercial multipartes con ese bloque (28 pa\u00edses), que se espera hasta fines este a\u00f1o.<\/p>\n<p style=\"text-align: justify;\">As\u00ed lo afirm\u00f3 ayer Peter Schwaiger, representante de la UE en Ecuador, tras ser consultado por este Diario.<\/p>\n<p style=\"text-align: justify;\">\u201cPersonalmente creo que el Brexit (Britain exit: salida brit\u00e1nica) no pondr\u00e1 problemas en los tiempos\u201d, manifest\u00f3 Schwaiger.<\/p>\n<p style=\"text-align: justify;\">Brexit se le denomina a la iniciativa impulsada en Gran Breta\u00f1a para salir de la Uni\u00f3n Europea, que seg\u00fan resultados actualizados lidera las votaciones del referendo realizado el jueves pasado, acumulando el 51,9% de los votos registrados frente al 48,1% de la otra alternativa: la Bremain (Britain remain: permanecer en la UE).<\/p>\n<p style=\"text-align: justify;\">El vocero de la UE explic\u00f3 que \u201ces muy temprano\u201d para proyectar una afectaci\u00f3n a la ratificaci\u00f3n del tratado.<\/p>\n<p style=\"text-align: justify;\">Agreg\u00f3: \u201cEl Brexit se tiene que negociar primero entre Gran Breta\u00f1a y el Consejo Europeo; y el Parlamento lo tiene que ratificar al final. En principio siguen adelante todos los procesos en curso\u201d.<\/p>\n<p style=\"text-align: justify;\">El triunfo del Brexit coincidi\u00f3 con la visita del ministro de Comercio Exterior, Juan Carlos Cassinelli, a Europa en una gira para impulsar y agilizar el cierre del acuerdo.<\/p>\n<p style=\"text-align: justify;\">Esta semana, Cassinelli se reuni\u00f3 con el ministro de Relaciones Exteriores y Asuntos Europeos de B\u00e9lgica, Didier Reynders, y dialog\u00f3 con el presidente de la Comisi\u00f3n de Comercio Internacional del Parlamento Europeo, Bernd Lange, y con los parlamentarios Helmut Scholz y Santiago Fissas.<\/p>\n<p style=\"text-align: justify;\">Para el presidente de la Rep\u00fablica, Rafael Correa, la salida de los brit\u00e1nicos de la UE traer\u00eda repercusiones econ\u00f3micas y pol\u00edticas a ese bloque que afectar\u00e1n los mercados mundiales, incluido al Ecuador, por un debilitamiento del euro frente al d\u00f3lar, lo que har\u00eda perder competitividad.<\/p>\n<p style=\"text-align: justify;\">Aunque sobre las negociaciones con la UE indic\u00f3 que \u201cseguir\u00edan, ah\u00ed no habr\u00eda mucho efecto, m\u00e1s bien el efecto\u201d.<\/p>\n<p style=\"text-align: justify;\">Para Eduardo Egas, exministro de Industrias y parte del equipo que negoci\u00f3 y logr\u00f3 el acuerdo con la UE, tras el Brexit es muy posible que la atenci\u00f3n de las diferentes instancias de la Uni\u00f3n Europea se centren m\u00e1s en acomodar el modelo a la salida del Reino Unido y esto relegue la prioridad de la conclusi\u00f3n del acuerdo con Ecuador.<\/p>\n<p style=\"text-align: justify;\">El exministro cree que se deben intensificar los esfuerzos para culminar con la firma en este a\u00f1o y analiz\u00f3 que dentro de las reacciones tempranas por el Brexit se encuentran los efectos en el valor del euro, petr\u00f3leo y otros bienes, adem\u00e1s de las reacciones independentistas en otros pa\u00edses de la UE que buscar\u00e1n imitar el proceso y tambi\u00e9n buscar la separaci\u00f3n.<\/p>\n<p style=\"text-align: justify;\">Para Daniel Legarda, presidente ejecutivo de la Federaci\u00f3n Ecuatoriana de Exportadores (Fedexpor), el anuncio de la salida de Gran Breta\u00f1a no afectar\u00e1 la firma del acuerdo.<\/p>\n<p style=\"text-align: justify;\">Seg\u00fan Legarda, la salida de Gran Breta\u00f1a durar\u00eda aproximadamente dos a\u00f1os y mientras los procesos actuales, como el del tratado multipartes, seguir\u00e1 sus tiempos estimados.<\/p>\n<p style=\"text-align: justify;\">Sin embargo, el dirigente hizo un llamado a las autoridades ecuatorianas, como de la Senecyt, IEPI y la Canciller\u00eda a acelerar el proceso cuando este llegue al pa\u00eds y as\u00ed poder firmar el acuerdo en diciembre. (I)<\/p>\n","protected":false},"excerpt":{"rendered":"<p>Euroesc\u00e9pticos claman victoria y llaman a un refer\u00e9ndum en sus pa\u00edses tras triunfo del Brexit La reciente decisi\u00f3n tomada por<\/p>\n","protected":false},"author":1,"featured_media":12549,"comment_status":"open","ping_status":"open","sticky":false,"template":"","format":"standard","meta":{"footnotes":""},"categories":[9],"tags":[],"_links":{"self":[{"href":"https:\/\/www.ecuadoraldia.com.ec\/index.php?rest_route=\/wp\/v2\/posts\/12548"}],"collection":[{"href":"https:\/\/www.ecuadoraldia.com.ec\/index.php?rest_route=\/wp\/v2\/posts"}],"about":[{"href":"https:\/\/www.ecuadoraldia.com.ec\/index.php?rest_route=\/wp\/v2\/types\/post"}],"author":[{"embeddable":true,"href":"https:\/\/www.ecuadoraldia.com.ec\/index.php?rest_route=\/wp\/v2\/users\/1"}],"replies":[{"embeddable":true,"href":"https:\/\/www.ecuadoraldia.com.ec\/index.php?rest_route=%2Fwp%2Fv2%2Fcomments&post=12548"}],"version-history":[{"count":2,"href":"https:\/\/www.ecuadoraldia.com.ec\/index.php?rest_route=\/wp\/v2\/posts\/12548\/revisions"}],"predecessor-version":[{"id":12555,"href":"https:\/\/www.ecuadoraldia.com.ec\/index.php?rest_route=\/wp\/v2\/posts\/12548\/revisions\/12555"}],"wp:featuredmedia":[{"embeddable":true,"href":"https:\/\/www.ecuadoraldia.com.ec\/index.php?rest_route=\/wp\/v2\/media\/12549"}],"wp:attachment":[{"href":"https:\/\/www.ecuadoraldia.com.ec\/index.php?rest_route=%2Fwp%2Fv2%2Fmedia&parent=12548"}],"wp:term":[{"taxonomy":"category","embeddable":true,"href":"https:\/\/www.ecuadoraldia.com.ec\/index.php?rest_route=%2Fwp%2Fv2%2Fcategories&post=12548"},{"taxonomy":"post_tag","embeddable":true,"href":"https:\/\/www.ecuadoraldia.com.ec\/index.php?rest_route=%2Fwp%2Fv2%2Ftags&post=12548"}],"curies":[{"name":"wp","href":"https:\/\/api.w.org\/{rel}","templated":true}]}}