{"id":12552,"date":"2016-06-25T14:45:48","date_gmt":"2016-06-25T14:45:48","guid":{"rendered":"http:\/\/www.ecuadoraldia.com.ec\/?p=12552"},"modified":"2016-06-25T14:53:30","modified_gmt":"2016-06-25T14:53:30","slug":"el-1x1-en-las-radios-se-discute-en-cordicom","status":"publish","type":"post","link":"https:\/\/www.ecuadoraldia.com.ec\/?p=12552","title":{"rendered":"El \u20181&#215;1\u2019 en las radios se discute en CORDICOM"},"content":{"rendered":"<p style=\"text-align: justify;\"><a href=\"http:\/\/www.ecuadoraldia.com.ec\/wp-content\/uploads\/2016\/06\/cordicom.jpg\" rel=\"attachment wp-att-12553\"><img loading=\"lazy\" decoding=\"async\" class=\"alignleft size-medium wp-image-12553\" src=\"http:\/\/www.ecuadoraldia.com.ec\/wp-content\/uploads\/2016\/06\/cordicom-300x188.jpg\" alt=\"cordicom\" width=\"300\" height=\"188\" srcset=\"https:\/\/www.ecuadoraldia.com.ec\/wp-content\/uploads\/2016\/06\/cordicom-300x188.jpg 300w, https:\/\/www.ecuadoraldia.com.ec\/wp-content\/uploads\/2016\/06\/cordicom.jpg 480w\" sizes=\"(max-width: 300px) 100vw, 300px\" \/><\/a>El pleno del Consejo de Regulaci\u00f3n de la Comunicaci\u00f3n (Cordicom) analiz\u00f3 una propuesta de reforma sobre la aplicaci\u00f3n del 1&#215;1 en las radios, al cumplirse el \u00a0tercer aniversario de la Ley Org\u00e1nica de Comunicaci\u00f3n (LOC).<\/p>\n<p style=\"text-align: justify;\">El pasado viernes 17 de junio, los consejeros realizaron el primer debate de un proyecto planteado por Christian del Alc\u00e1zar, gerente de FM Mundo.<\/p>\n<p style=\"text-align: justify;\">El presidente del Cordicom, Patricio Zambrano, explic\u00f3 que el proponente sugiere que el cumplimiento del 1&#215;1 sea dentro de la programaci\u00f3n diaria y no dentro de cada programa, como es en la actualidad.<\/p>\n<p style=\"text-align: justify;\">El art\u00edculo 103 de la LOC obliga a las radios con programas musicales a que \u201cal menos\u201d el 50% de su contenido sea producido o compuesto en Ecuador. La transitoria sexta les da tres a\u00f1os para alcanzar eso.<\/p>\n<p style=\"text-align: justify;\">\n<p style=\"text-align: justify;\">Zambrano indic\u00f3 que el informe ser\u00e1 conocido durante el segundo debate que podr\u00eda ser esta semana, anticip\u00f3 \u00e9l.<\/p>\n<p style=\"text-align: justify;\">Esta s\u00e1bado 25 de junio se realiza un concurso convocado por la SUPERCOM dedicado a estudiantes de periodismo del Pa\u00eds, sobre cuanto conocen de la Ley de Comunicaci\u00f3n.<\/p>\n<p style=\"text-align: justify;\">El ganador del concurso recibir\u00e1 una beca para una pasant\u00eda en Espa\u00f1a.<\/p>\n<p style=\"text-align: justify;\"><span style=\"color: #ff0000;\">Jeoconda Loor: \u2018Una reforma al 1&#215;1 podr\u00eda cambiar su verificaci\u00f3n\u2019<\/span><\/p>\n<p><a href=\"http:\/\/www.ecuadoraldia.com.ec\/wp-content\/uploads\/2016\/06\/loor.jpg\" rel=\"attachment wp-att-12557\"><img loading=\"lazy\" decoding=\"async\" class=\"alignleft size-medium wp-image-12557\" src=\"http:\/\/www.ecuadoraldia.com.ec\/wp-content\/uploads\/2016\/06\/loor-300x215.jpg\" alt=\"loor\" width=\"300\" height=\"215\" srcset=\"https:\/\/www.ecuadoraldia.com.ec\/wp-content\/uploads\/2016\/06\/loor-300x215.jpg 300w, https:\/\/www.ecuadoraldia.com.ec\/wp-content\/uploads\/2016\/06\/loor.jpg 418w\" sizes=\"(max-width: 300px) 100vw, 300px\" \/><\/a><\/p>\n<p style=\"text-align: justify;\">Desde hoy la Superintendencia de Comunicaci\u00f3n (Supercom) vigila que las radios cumplan el 1&#215;1 en la difusi\u00f3n de m\u00fasica nacional, por ser el tercer a\u00f1o de la Ley de Comunicaci\u00f3n. La intendenta de las zonales 5 y 8 (Guayas, Los R\u00edos, Santa Elena, Bol\u00edvar y Gal\u00e1pagos), Jeoconda Loor, adelanta que el m\u00e9todo de verificaci\u00f3n podr\u00eda variar si el Consejo de Regulaci\u00f3n (Cordicom) impulsa cambios.(I) Ecuador al dia y \u00a0Universo.<\/p>\n","protected":false},"excerpt":{"rendered":"<p>El pleno del Consejo de Regulaci\u00f3n de la Comunicaci\u00f3n (Cordicom) analiz\u00f3 una propuesta de reforma sobre la aplicaci\u00f3n del 1&#215;1<\/p>\n","protected":false},"author":1,"featured_media":12553,"comment_status":"open","ping_status":"open","sticky":false,"template":"","format":"standard","meta":{"footnotes":""},"categories":[3],"tags":[],"_links":{"self":[{"href":"https:\/\/www.ecuadoraldia.com.ec\/index.php?rest_route=\/wp\/v2\/posts\/12552"}],"collection":[{"href":"https:\/\/www.ecuadoraldia.com.ec\/index.php?rest_route=\/wp\/v2\/posts"}],"about":[{"href":"https:\/\/www.ecuadoraldia.com.ec\/index.php?rest_route=\/wp\/v2\/types\/post"}],"author":[{"embeddable":true,"href":"https:\/\/www.ecuadoraldia.com.ec\/index.php?rest_route=\/wp\/v2\/users\/1"}],"replies":[{"embeddable":true,"href":"https:\/\/www.ecuadoraldia.com.ec\/index.php?rest_route=%2Fwp%2Fv2%2Fcomments&post=12552"}],"version-history":[{"count":3,"href":"https:\/\/www.ecuadoraldia.com.ec\/index.php?rest_route=\/wp\/v2\/posts\/12552\/revisions"}],"predecessor-version":[{"id":12558,"href":"https:\/\/www.ecuadoraldia.com.ec\/index.php?rest_route=\/wp\/v2\/posts\/12552\/revisions\/12558"}],"wp:featuredmedia":[{"embeddable":true,"href":"https:\/\/www.ecuadoraldia.com.ec\/index.php?rest_route=\/wp\/v2\/media\/12553"}],"wp:attachment":[{"href":"https:\/\/www.ecuadoraldia.com.ec\/index.php?rest_route=%2Fwp%2Fv2%2Fmedia&parent=12552"}],"wp:term":[{"taxonomy":"category","embeddable":true,"href":"https:\/\/www.ecuadoraldia.com.ec\/index.php?rest_route=%2Fwp%2Fv2%2Fcategories&post=12552"},{"taxonomy":"post_tag","embeddable":true,"href":"https:\/\/www.ecuadoraldia.com.ec\/index.php?rest_route=%2Fwp%2Fv2%2Ftags&post=12552"}],"curies":[{"name":"wp","href":"https:\/\/api.w.org\/{rel}","templated":true}]}}