{"id":12559,"date":"2016-06-25T14:58:28","date_gmt":"2016-06-25T14:58:28","guid":{"rendered":"http:\/\/www.ecuadoraldia.com.ec\/?p=12559"},"modified":"2016-06-25T15:07:50","modified_gmt":"2016-06-25T15:07:50","slug":"paises-fundadores-de-la-union-europea-exigen-que-londres-inicie-cuanto-antes-el-proceso-de-salida","status":"publish","type":"post","link":"https:\/\/www.ecuadoraldia.com.ec\/?p=12559","title":{"rendered":"Pa\u00edses fundadores de la UE exigen que Londres inicie \u00abcuanto antes\u00bb su salida"},"content":{"rendered":"<p style=\"text-align: justify;\"><a href=\"http:\/\/www.ecuadoraldia.com.ec\/wp-content\/uploads\/2016\/06\/ue.jpg\" rel=\"attachment wp-att-12560\"><img loading=\"lazy\" decoding=\"async\" class=\"alignleft size-medium wp-image-12560\" src=\"http:\/\/www.ecuadoraldia.com.ec\/wp-content\/uploads\/2016\/06\/ue-300x168.jpg\" alt=\"ue\" width=\"300\" height=\"168\" srcset=\"https:\/\/www.ecuadoraldia.com.ec\/wp-content\/uploads\/2016\/06\/ue-300x168.jpg 300w, https:\/\/www.ecuadoraldia.com.ec\/wp-content\/uploads\/2016\/06\/ue.jpg 357w\" sizes=\"(max-width: 300px) 100vw, 300px\" \/><\/a>Los cancilleres de los seis pa\u00edses fundadores de la Uni\u00f3n Europea (Reuters) Los cancilleres de los seis pa\u00edses fundadores de la Uni\u00f3n Europea (Reuters)<\/p>\n<p style=\"text-align: justify;\">Los seis pa\u00edses fundadores de la Uni\u00f3n Europea (Alemania, Francia, B\u00e9lgica, Holanda, Luxemburgo e Italia) exigieron a Reino Unido que ponga en marcha cuando antes el proceso previsto para abandonar de forma ordenada el bloque.<\/p>\n<p style=\"text-align: justify;\">El ministro de Exteriores alem\u00e1n, Frank-Walter Steinmeier, destac\u00f3 en Berl\u00edn, en una comparecencia conjunta con sus hom\u00f3logos del resto de pa\u00edses fundadores, que Londres debe activar \u00abcuanto antes\u00bb el art\u00edculo 50 del Tratado de Lisboa, que es el que prev\u00e9 el procedimiento para la salida de un pa\u00eds miembro. \u00abDecimos aqu\u00ed, juntos, que este proceso tiene que empezar cuanto antes\u00bb, afirm\u00f3.<\/p>\n<p style=\"text-align: justify;\">Pidieron que Reino Unido inicie cuanto antes el proceso de ruptura con el bloque (Reuters) Pidieron que Reino Unido inicie cuanto antes el proceso de ruptura con el bloque (Reuters)<br \/>\nSteinmeier subray\u00f3 que los gobiernos de los restantes 27 pa\u00edses \u00abno pueden reemplazar decisiones que se tienen que tomar en Londres\u00bb.<\/p>\n<p style=\"text-align: justify;\">Con el triunfo del Brexit en el referendo del jueves, el Reino Unido es el primer pa\u00eds en abandonar la Uni\u00f3n Europea, y tanto los dirigentes como el n\u00facleo duro de la comunidad quieren que la transici\u00f3n sea lo menos agitada posible.<\/p>\n<p style=\"text-align: justify;\">En la capital alemana, el ministro de Relaciones Exteriores Frank-Walter Steinmeier recibi\u00f3 este s\u00e1bado a sus hom\u00f3logos Jean-Marc Ayrault, de Francia, Bert Koenders, de Holanda, Paolo Gentiloni, de Italia, Didier Reynders, B\u00e9lgica, y Jean Asselborn, de Luxemburgo, para hablar de \u00ablos temas actuales de la pol\u00edtica europea\u00bb, seg\u00fan el comunicado emitido el viernes por el ministerio alem\u00e1n.<\/p>\n<p style=\"text-align: justify;\">Mientras se dirig\u00eda al encuentro, Steinmeier dijo que ten\u00eda confianza en que todos los pa\u00edses reunidos enviar\u00e1n el mensaje de que \u00abno dejaremos que nadie nos saque a Europa\u00bb.<\/p>\n","protected":false},"excerpt":{"rendered":"<p>Los cancilleres de los seis pa\u00edses fundadores de la Uni\u00f3n Europea (Reuters) Los cancilleres de los seis pa\u00edses fundadores de<\/p>\n","protected":false},"author":1,"featured_media":12560,"comment_status":"open","ping_status":"open","sticky":false,"template":"","format":"standard","meta":{"footnotes":""},"categories":[7],"tags":[],"_links":{"self":[{"href":"https:\/\/www.ecuadoraldia.com.ec\/index.php?rest_route=\/wp\/v2\/posts\/12559"}],"collection":[{"href":"https:\/\/www.ecuadoraldia.com.ec\/index.php?rest_route=\/wp\/v2\/posts"}],"about":[{"href":"https:\/\/www.ecuadoraldia.com.ec\/index.php?rest_route=\/wp\/v2\/types\/post"}],"author":[{"embeddable":true,"href":"https:\/\/www.ecuadoraldia.com.ec\/index.php?rest_route=\/wp\/v2\/users\/1"}],"replies":[{"embeddable":true,"href":"https:\/\/www.ecuadoraldia.com.ec\/index.php?rest_route=%2Fwp%2Fv2%2Fcomments&post=12559"}],"version-history":[{"count":3,"href":"https:\/\/www.ecuadoraldia.com.ec\/index.php?rest_route=\/wp\/v2\/posts\/12559\/revisions"}],"predecessor-version":[{"id":12563,"href":"https:\/\/www.ecuadoraldia.com.ec\/index.php?rest_route=\/wp\/v2\/posts\/12559\/revisions\/12563"}],"wp:featuredmedia":[{"embeddable":true,"href":"https:\/\/www.ecuadoraldia.com.ec\/index.php?rest_route=\/wp\/v2\/media\/12560"}],"wp:attachment":[{"href":"https:\/\/www.ecuadoraldia.com.ec\/index.php?rest_route=%2Fwp%2Fv2%2Fmedia&parent=12559"}],"wp:term":[{"taxonomy":"category","embeddable":true,"href":"https:\/\/www.ecuadoraldia.com.ec\/index.php?rest_route=%2Fwp%2Fv2%2Fcategories&post=12559"},{"taxonomy":"post_tag","embeddable":true,"href":"https:\/\/www.ecuadoraldia.com.ec\/index.php?rest_route=%2Fwp%2Fv2%2Ftags&post=12559"}],"curies":[{"name":"wp","href":"https:\/\/api.w.org\/{rel}","templated":true}]}}