{"id":12564,"date":"2016-06-25T23:06:55","date_gmt":"2016-06-25T23:06:55","guid":{"rendered":"http:\/\/www.ecuadoraldia.com.ec\/?p=12564"},"modified":"2016-06-25T23:06:55","modified_gmt":"2016-06-25T23:06:55","slug":"ecuador-tenia-previsto-colobar-bonos-en-el-mercado-financiero-internacional","status":"publish","type":"post","link":"https:\/\/www.ecuadoraldia.com.ec\/?p=12564","title":{"rendered":"Ecuador ten\u00eda previsto colobar Bonos en el mercado financiero internacional"},"content":{"rendered":"<p style=\"text-align: justify;\"><a href=\"http:\/\/www.ecuadoraldia.com.ec\/wp-content\/uploads\/2016\/06\/presidencia.jpg\" rel=\"attachment wp-att-12565\"><img loading=\"lazy\" decoding=\"async\" class=\"alignleft size-medium wp-image-12565\" src=\"http:\/\/www.ecuadoraldia.com.ec\/wp-content\/uploads\/2016\/06\/presidencia-300x175.jpg\" alt=\"presidencia\" width=\"300\" height=\"175\" srcset=\"https:\/\/www.ecuadoraldia.com.ec\/wp-content\/uploads\/2016\/06\/presidencia-300x175.jpg 300w, https:\/\/www.ecuadoraldia.com.ec\/wp-content\/uploads\/2016\/06\/presidencia.jpg 600w\" sizes=\"(max-width: 300px) 100vw, 300px\" \/><\/a>Quito s\u00e1bado, 25\/06\/2016. \u00a0La medida ten\u00eda el prop\u00f3sito de buscar recursos para cumplir con algunos pagos atrasados y la reconstrucci\u00f3n de las zonas afectadas por el terremoto del 16 de abril. Sin embargo la esta acci\u00f3n se vi\u00f3 truncada a ra\u00edz de la victoria de los euroesc\u00e9pticos en el referendo de Gran Breta\u00f1a\u201d.<\/p>\n<p style=\"text-align: justify;\">Y es que Ecuador no escapa a los efectos que avizora la decisi\u00f3n de Gran Breta\u00f1a de salir de la Uni\u00f3n Europea (UE). Uno de las preocupaciones mayores es el debilitamiento del euro frente al d\u00f3lar y la inestabilidad de los mercados financieros que, adem\u00e1s, impactan sobre los precios del petr\u00f3leo.<\/p>\n<p style=\"text-align: justify;\">\u00a0Correa indic\u00f3 que antes del Brexit el precio del petr\u00f3leo, principal producto de exportaci\u00f3n ecuatoriano, se estaba recuperando; el d\u00f3lar se hab\u00eda depreciado un poco y, consecuentemente, el Ecuador estaba recuperando competitividad y equilibrio en el mercado externo, sin embargo, posterior al referendo el panorama para el pa\u00eds andino cambi\u00f3.<\/p>\n<p style=\"text-align: justify;\">\u201cLos \u00a0factores externos siguen afectando la econom\u00eda ecuatoriana que se estaba recuperando. \u00abEstaban aumentando los dep\u00f3sitos, mejorando la productividad, pero viene el refer\u00e9ndum brit\u00e1nico, Reino Unido debe salir de la Uni\u00f3n Europea (y como efecto) se desestabilizan los mercados, se aprecia el d\u00f3lar, cae el precio del petr\u00f3leo\u201d.<\/p>\n<p style=\"text-align: justify;\">\u201cSaldremos adelante, soy optimista enfermizo y espero que esta enfermedad sea contagiosa, no pienso que nos va mal ahora, sino en lo bien que nos fueron en todos los a\u00f1os anteriores; pese a la dificultad de los \u00faltimos meses, est\u00e1 la d\u00e9cada ganada. Somos un pa\u00eds mucho mejor en estos diez a\u00f1os\u201d, afirm\u00f3.<\/p>\n<p style=\"text-align: justify;\">El 23 de junio, los brit\u00e1nicos votaron a favor del Brexit, un t\u00e9rmino formado por dos palabras Britain (Gran Breta\u00f1a) y exit (salida), que significa la salida del Reino Unido de la Uni\u00f3n Europea y que cobr\u00f3 fuerza medi\u00e1tica contrario a lo que ocurri\u00f3 con el Bremain, que impulsaba la permanencia en el bloque.(I).<\/p>\n","protected":false},"excerpt":{"rendered":"<p>Quito s\u00e1bado, 25\/06\/2016. \u00a0La medida ten\u00eda el prop\u00f3sito de buscar recursos para cumplir con algunos pagos atrasados y la reconstrucci\u00f3n<\/p>\n","protected":false},"author":1,"featured_media":12565,"comment_status":"open","ping_status":"open","sticky":false,"template":"","format":"standard","meta":{"footnotes":""},"categories":[3],"tags":[],"_links":{"self":[{"href":"https:\/\/www.ecuadoraldia.com.ec\/index.php?rest_route=\/wp\/v2\/posts\/12564"}],"collection":[{"href":"https:\/\/www.ecuadoraldia.com.ec\/index.php?rest_route=\/wp\/v2\/posts"}],"about":[{"href":"https:\/\/www.ecuadoraldia.com.ec\/index.php?rest_route=\/wp\/v2\/types\/post"}],"author":[{"embeddable":true,"href":"https:\/\/www.ecuadoraldia.com.ec\/index.php?rest_route=\/wp\/v2\/users\/1"}],"replies":[{"embeddable":true,"href":"https:\/\/www.ecuadoraldia.com.ec\/index.php?rest_route=%2Fwp%2Fv2%2Fcomments&post=12564"}],"version-history":[{"count":1,"href":"https:\/\/www.ecuadoraldia.com.ec\/index.php?rest_route=\/wp\/v2\/posts\/12564\/revisions"}],"predecessor-version":[{"id":12566,"href":"https:\/\/www.ecuadoraldia.com.ec\/index.php?rest_route=\/wp\/v2\/posts\/12564\/revisions\/12566"}],"wp:featuredmedia":[{"embeddable":true,"href":"https:\/\/www.ecuadoraldia.com.ec\/index.php?rest_route=\/wp\/v2\/media\/12565"}],"wp:attachment":[{"href":"https:\/\/www.ecuadoraldia.com.ec\/index.php?rest_route=%2Fwp%2Fv2%2Fmedia&parent=12564"}],"wp:term":[{"taxonomy":"category","embeddable":true,"href":"https:\/\/www.ecuadoraldia.com.ec\/index.php?rest_route=%2Fwp%2Fv2%2Fcategories&post=12564"},{"taxonomy":"post_tag","embeddable":true,"href":"https:\/\/www.ecuadoraldia.com.ec\/index.php?rest_route=%2Fwp%2Fv2%2Ftags&post=12564"}],"curies":[{"name":"wp","href":"https:\/\/api.w.org\/{rel}","templated":true}]}}