{"id":12758,"date":"2016-07-05T22:23:41","date_gmt":"2016-07-05T22:23:41","guid":{"rendered":"http:\/\/www.ecuadoraldia.com.ec\/?p=12758"},"modified":"2016-07-05T22:23:41","modified_gmt":"2016-07-05T22:23:41","slug":"el-gobierno-aspira-firmar-acuerdo-con-u-e-en-diciembre","status":"publish","type":"post","link":"https:\/\/www.ecuadoraldia.com.ec\/?p=12758","title":{"rendered":"El Gobierno aspira \u00a0firmar acuerdo con U.E en\u00a0\u00a0diciembre"},"content":{"rendered":"<p style=\"text-align: justify;\"><a href=\"http:\/\/www.ecuadoraldia.com.ec\/wp-content\/uploads\/2016\/07\/ue-y-ecuador-.jpg\" rel=\"attachment wp-att-12759\"><img loading=\"lazy\" decoding=\"async\" class=\"alignleft size-medium wp-image-12759\" src=\"http:\/\/www.ecuadoraldia.com.ec\/wp-content\/uploads\/2016\/07\/ue-y-ecuador--300x175.jpg\" alt=\"ue-y-ecuador-\" width=\"300\" height=\"175\" srcset=\"https:\/\/www.ecuadoraldia.com.ec\/wp-content\/uploads\/2016\/07\/ue-y-ecuador--300x175.jpg 300w, https:\/\/www.ecuadoraldia.com.ec\/wp-content\/uploads\/2016\/07\/ue-y-ecuador-.jpg 600w\" sizes=\"(max-width: 300px) 100vw, 300px\" \/><\/a>Como un tema \u2018complicado\u2019. As\u00ed calific\u00f3 ayer el ministro de Comercio, Juan Carlos Cassinelli, a las negociaciones para la ratificaci\u00f3n del acuerdo multipartes con la Uni\u00f3n Europea (UE) hasta diciembre pr\u00f3ximo, fecha tope de la vigencia de las preferencias arancelarias.<\/p>\n<p style=\"text-align: justify;\">\u201cEs un tema que seguimos peleando con los plazos, es un tema que siempre hemos calificado como complicado\u201d, indic\u00f3 a la prensa.<\/p>\n<p style=\"text-align: justify;\">El funcionario realiz\u00f3 ayer un balance de su \u00faltima gira por Europa, a finales de junio.<\/p>\n<p style=\"text-align: justify;\">Entre otros avances se\u00f1al\u00f3 que se logr\u00f3 acelerar ciertos procesos legales para poder llegar a diciembre con la ratificaci\u00f3n del acuerdo.<\/p>\n<p style=\"text-align: justify;\">\u201cEsperamos en julio (este mes) una primera respuesta positiva \u2013de la UE\u2013 en los temas de las traducciones en los temas legales para acortar los plazos en el Consejo de la Uni\u00f3n Europea\u201d, agreg\u00f3.<\/p>\n<p style=\"text-align: justify;\">Sobre el brexit, la salida de Gran Breta\u00f1a de la UE, expres\u00f3 que es una situaci\u00f3n \u201cque no ayuda\u201d a las negociaciones con el bloque europeo.<\/p>\n","protected":false},"excerpt":{"rendered":"<p>Como un tema \u2018complicado\u2019. As\u00ed calific\u00f3 ayer el ministro de Comercio, Juan Carlos Cassinelli, a las negociaciones para la ratificaci\u00f3n<\/p>\n","protected":false},"author":1,"featured_media":12759,"comment_status":"open","ping_status":"open","sticky":false,"template":"","format":"standard","meta":{"footnotes":""},"categories":[9],"tags":[],"_links":{"self":[{"href":"https:\/\/www.ecuadoraldia.com.ec\/index.php?rest_route=\/wp\/v2\/posts\/12758"}],"collection":[{"href":"https:\/\/www.ecuadoraldia.com.ec\/index.php?rest_route=\/wp\/v2\/posts"}],"about":[{"href":"https:\/\/www.ecuadoraldia.com.ec\/index.php?rest_route=\/wp\/v2\/types\/post"}],"author":[{"embeddable":true,"href":"https:\/\/www.ecuadoraldia.com.ec\/index.php?rest_route=\/wp\/v2\/users\/1"}],"replies":[{"embeddable":true,"href":"https:\/\/www.ecuadoraldia.com.ec\/index.php?rest_route=%2Fwp%2Fv2%2Fcomments&post=12758"}],"version-history":[{"count":1,"href":"https:\/\/www.ecuadoraldia.com.ec\/index.php?rest_route=\/wp\/v2\/posts\/12758\/revisions"}],"predecessor-version":[{"id":12760,"href":"https:\/\/www.ecuadoraldia.com.ec\/index.php?rest_route=\/wp\/v2\/posts\/12758\/revisions\/12760"}],"wp:featuredmedia":[{"embeddable":true,"href":"https:\/\/www.ecuadoraldia.com.ec\/index.php?rest_route=\/wp\/v2\/media\/12759"}],"wp:attachment":[{"href":"https:\/\/www.ecuadoraldia.com.ec\/index.php?rest_route=%2Fwp%2Fv2%2Fmedia&parent=12758"}],"wp:term":[{"taxonomy":"category","embeddable":true,"href":"https:\/\/www.ecuadoraldia.com.ec\/index.php?rest_route=%2Fwp%2Fv2%2Fcategories&post=12758"},{"taxonomy":"post_tag","embeddable":true,"href":"https:\/\/www.ecuadoraldia.com.ec\/index.php?rest_route=%2Fwp%2Fv2%2Ftags&post=12758"}],"curies":[{"name":"wp","href":"https:\/\/api.w.org\/{rel}","templated":true}]}}