{"id":12762,"date":"2016-07-06T14:04:37","date_gmt":"2016-07-06T14:04:37","guid":{"rendered":"http:\/\/www.ecuadoraldia.com.ec\/?p=12762"},"modified":"2016-07-06T14:07:07","modified_gmt":"2016-07-06T14:07:07","slug":"correa-postularse-a-la-presidencia-depende-de-la-bravuconeria-de-siempre","status":"publish","type":"post","link":"https:\/\/www.ecuadoraldia.com.ec\/?p=12762","title":{"rendered":"Correa: Postularse   a la Presidencia depende del nivel  de \u00abbravuconer\u00eda\u00bb de los de  siempre"},"content":{"rendered":"<figure id=\"attachment_12763\" aria-describedby=\"caption-attachment-12763\" style=\"width: 300px\" class=\"wp-caption alignleft\"><a href=\"http:\/\/www.ecuadoraldia.com.ec\/wp-content\/uploads\/2016\/07\/corr.jpg\" rel=\"attachment wp-att-12763\"><img loading=\"lazy\" decoding=\"async\" class=\"size-medium wp-image-12763\" src=\"http:\/\/www.ecuadoraldia.com.ec\/wp-content\/uploads\/2016\/07\/corr-300x142.jpg\" alt=\"Correa sobre candidatura: &quot;Me les presento en octubre, depende del nivel de bravuconer\u00eda de los de siempre&quot;\" width=\"300\" height=\"142\" srcset=\"https:\/\/www.ecuadoraldia.com.ec\/wp-content\/uploads\/2016\/07\/corr-300x142.jpg 300w, https:\/\/www.ecuadoraldia.com.ec\/wp-content\/uploads\/2016\/07\/corr.jpg 636w\" sizes=\"(max-width: 300px) 100vw, 300px\" \/><\/a><figcaption id=\"caption-attachment-12763\" class=\"wp-caption-text\">Correa sobre candidatura: \u00abMe les presento en octubre, depende del nivel de bravuconer\u00eda de los de siempre\u00bb<\/figcaption><\/figure>\n<p style=\"text-align: justify;\">El mandatario Rafael Correa abri\u00f3 la puerta a una nueva postulaci\u00f3n presidencial en 2017. Pero para que esto ocurra deben suceder 2 situaciones: que la oposici\u00f3n siga \u00abcobardemente insultando\u00bb y que la Corte Constitucional no apruebe la transitoria que le impide, hasta el momento, presentarse en los comicios del pr\u00f3ximo a\u00f1o.<\/p>\n<p style=\"text-align: justify;\">Durante un conversatorio con medios de comunicaci\u00f3n en Quito, el Presidente indic\u00f3 que si bien \u00absu decisi\u00f3n est\u00e1 tomada\u00bb sobre su negativa de presentarse en las elecciones de 2017, en los \u00faltimos meses la oposici\u00f3n ha tomado una actitud \u00abcobarde\u00bb insult\u00e1ndolo e, incluso, amenaz\u00e1ndolo con no dejarlo salir del pa\u00eds cuando culmine este mandato. \u00abSe imaginan lo que es para mi familia escuchar estas cosas\u00bb, lament\u00f3 el Jefe de Estado.<\/p>\n<p style=\"text-align: justify;\">Es as\u00ed que Correa indic\u00f3 que \u00abni me busquen mucho, me les presento en el 2021 y si no aprueba la transitoria la Corte Constitucional, me les presento en octubre, depende del nivel de bravuconer\u00eda de los de siempre\u00bb, dijo en referencia a la Convenci\u00f3n Nacional de Alianza PAIS prevista para el 1 de octubre de 2016. (I)<\/p>\n<p style=\"text-align: justify;\"><strong><em>SUMA no apoyar\u00e1 a ning\u00fan precandidato y no descarta proponer uno propio<\/em><\/strong><\/p>\n<p style=\"text-align: justify;\"><a href=\"http:\/\/www.ecuadoraldia.com.ec\/wp-content\/uploads\/2016\/07\/suma.jpg\" rel=\"attachment wp-att-12764\"><img loading=\"lazy\" decoding=\"async\" class=\"alignleft size-medium wp-image-12764\" src=\"http:\/\/www.ecuadoraldia.com.ec\/wp-content\/uploads\/2016\/07\/suma-300x142.jpg\" alt=\"suma\" width=\"300\" height=\"142\" srcset=\"https:\/\/www.ecuadoraldia.com.ec\/wp-content\/uploads\/2016\/07\/suma-300x142.jpg 300w, https:\/\/www.ecuadoraldia.com.ec\/wp-content\/uploads\/2016\/07\/suma.jpg 636w\" sizes=\"(max-width: 300px) 100vw, 300px\" \/><\/a>El movimiento Sociedad Unida M\u00e1s Acci\u00f3n (SUMA) decidi\u00f3 ser \u00abun canal de di\u00e1logo para consolidar un solo candidato\u00bb. As\u00ed lo inform\u00f3 el consejo directivo nacional luego de m\u00e1s de 2 horas de reuni\u00f3n.<\/p>\n<p style=\"text-align: justify;\">Este martes 5 de julio, desde las 17:00, los 11 directivos nacionales y 24 representantes provinciales se congregaron en la sede de SUMA (al norte de Quito) para decidir su posici\u00f3n frente al futuro de La Unidad, tomando en cuenta que sus otros 2 integrantes Avanza y Podemos, sobre todo este \u00faltimo, no se han mostrado a favor de la propuesta del PSC sobre plantear a Cynthia Viteri como precandidata para las pr\u00f3ximas elecciones presidenciales.<\/p>\n<p style=\"text-align: justify;\">Siendo SUMA uno de los promotores de La Unidad manifestaron que su prop\u00f3sito \u00abno fue la b\u00fasqueda de candidatos sino el impulso de acciones que promuevan el desarrollo econ\u00f3mico y social de los ecuatorianos\u00bb.<\/p>\n<p style=\"text-align: justify;\">En ese sentido SUMA considera que el pa\u00eds requiere de un \u00abcambio profundo en el modelo pol\u00edtico, econ\u00f3mico y social\u00bb, por ello \u00abes indispensable superar los l\u00edmites de quienes originalmente formamos<\/p>\n<p style=\"text-align: justify;\">La Unidad, respetando los principios los principios que la inspiraron para llegar a las elecciones con un solo candidato a la presidencia de la Rep\u00fablica\u00bb y a\u00f1ade \u00absolo as\u00ed ser\u00e1 posible evitar la dispersi\u00f3n en la contienda electoral\u00bb. Finalmente, SUMA \u00abplantea ser un canal de di\u00e1logo plural, inclusivo, abierto y democr\u00e1tico para consolidar una candidatura\u00bb.<\/p>\n<p style=\"text-align: justify;\">En cuanto a si apoyar\u00e1n la precandidatura de Viteri, Guillermo Celi, directivo del movimiento, manifest\u00f3 que \u00abno apoyar\u00e1n a ninguna candidatura\u00bb para estar acorde con su propuesta de constituirse en una plataforma de di\u00e1logo. En el caso de que los dem\u00e1s integrantes de La Unidad no den una respuesta positiva a su planteamiento dijo que respetar\u00e1n la posici\u00f3n de cada uno, pero hacen un llamado a \u00abno dispersar la votaci\u00f3n y el electorado\u00bb.<\/p>\n<p style=\"text-align: justify;\">Sin embargo, no descart\u00f3 la posibilidad de proponer un candidato propio: \u00abNinguna posibilidad est\u00e1 descartada en SUMA\u00bb. En su resoluci\u00f3n el presidente del movimiento y alcalde de Quito, Mauricio Rodas, ratific\u00f3 su posici\u00f3n de no lanzarse como candidato para presidente en los pr\u00f3ximos comicios de 2017. (I)<\/p>\n","protected":false},"excerpt":{"rendered":"<p>El mandatario Rafael Correa abri\u00f3 la puerta a una nueva postulaci\u00f3n presidencial en 2017. Pero para que esto ocurra deben<\/p>\n","protected":false},"author":1,"featured_media":12763,"comment_status":"open","ping_status":"open","sticky":false,"template":"","format":"standard","meta":{"footnotes":""},"categories":[3],"tags":[],"_links":{"self":[{"href":"https:\/\/www.ecuadoraldia.com.ec\/index.php?rest_route=\/wp\/v2\/posts\/12762"}],"collection":[{"href":"https:\/\/www.ecuadoraldia.com.ec\/index.php?rest_route=\/wp\/v2\/posts"}],"about":[{"href":"https:\/\/www.ecuadoraldia.com.ec\/index.php?rest_route=\/wp\/v2\/types\/post"}],"author":[{"embeddable":true,"href":"https:\/\/www.ecuadoraldia.com.ec\/index.php?rest_route=\/wp\/v2\/users\/1"}],"replies":[{"embeddable":true,"href":"https:\/\/www.ecuadoraldia.com.ec\/index.php?rest_route=%2Fwp%2Fv2%2Fcomments&post=12762"}],"version-history":[{"count":4,"href":"https:\/\/www.ecuadoraldia.com.ec\/index.php?rest_route=\/wp\/v2\/posts\/12762\/revisions"}],"predecessor-version":[{"id":12768,"href":"https:\/\/www.ecuadoraldia.com.ec\/index.php?rest_route=\/wp\/v2\/posts\/12762\/revisions\/12768"}],"wp:featuredmedia":[{"embeddable":true,"href":"https:\/\/www.ecuadoraldia.com.ec\/index.php?rest_route=\/wp\/v2\/media\/12763"}],"wp:attachment":[{"href":"https:\/\/www.ecuadoraldia.com.ec\/index.php?rest_route=%2Fwp%2Fv2%2Fmedia&parent=12762"}],"wp:term":[{"taxonomy":"category","embeddable":true,"href":"https:\/\/www.ecuadoraldia.com.ec\/index.php?rest_route=%2Fwp%2Fv2%2Fcategories&post=12762"},{"taxonomy":"post_tag","embeddable":true,"href":"https:\/\/www.ecuadoraldia.com.ec\/index.php?rest_route=%2Fwp%2Fv2%2Ftags&post=12762"}],"curies":[{"name":"wp","href":"https:\/\/api.w.org\/{rel}","templated":true}]}}