{"id":12769,"date":"2016-07-06T17:33:19","date_gmt":"2016-07-06T17:33:19","guid":{"rendered":"http:\/\/www.ecuadoraldia.com.ec\/?p=12769"},"modified":"2016-07-06T17:41:46","modified_gmt":"2016-07-06T17:41:46","slug":"una-nina-de-9-anos-grabo-a-su-padre-abusador-para-probar-las-denuncias-que-nadie-le-creia","status":"publish","type":"post","link":"https:\/\/www.ecuadoraldia.com.ec\/?p=12769","title":{"rendered":"Una ni\u00f1a de 9 a\u00f1os grab\u00f3 a su padre abusador para probar las denuncias que nadie le cre\u00eda"},"content":{"rendered":"<p style=\"text-align: justify;\"><a href=\"http:\/\/www.ecuadoraldia.com.ec\/wp-content\/uploads\/2016\/07\/abuso.jpg\" rel=\"attachment wp-att-12770\"><img loading=\"lazy\" decoding=\"async\" class=\"alignleft size-medium wp-image-12770\" src=\"http:\/\/www.ecuadoraldia.com.ec\/wp-content\/uploads\/2016\/07\/abuso-300x214.jpg\" alt=\"abuso\" width=\"300\" height=\"214\" srcset=\"https:\/\/www.ecuadoraldia.com.ec\/wp-content\/uploads\/2016\/07\/abuso-300x214.jpg 300w, https:\/\/www.ecuadoraldia.com.ec\/wp-content\/uploads\/2016\/07\/abuso.jpg 400w\" sizes=\"(max-width: 300px) 100vw, 300px\" \/><\/a>Los llantos, los gritos y las protestas previas no le sirvieron de nada. Ni su madre la pod\u00eda ayudar. La menor tuvo que apelar a su ingenio ante la falta de amparo<\/p>\n<p style=\"text-align: justify;\">6 de julio de 2016.\u00a0Una ni\u00f1a de 9 a\u00f1os grab\u00f3 una conversaci\u00f3n en la que su padre admite los abusos (shutterstock).<\/p>\n<p style=\"text-align: justify;\">\nMar\u00eda tuvo una idea. Se llev\u00f3 la grabadora que su madre ten\u00eda en la casa y la escondi\u00f3 en sus prendas \u00edntimas para ir a ver a su padre. La conversaci\u00f3n que qued\u00f3 registrada aquel d\u00eda le permitir\u00e1 lograr el amparo que la Justicia le ven\u00eda negando.<\/p>\n<p style=\"text-align: justify;\">Despu\u00e9s de meses de ser abusada por su progenitor, la ni\u00f1a espa\u00f1ola de nueve a\u00f1os tuvo que apelar a este artilugio para demostrar su calvario ante los jueces y expertos. Hasta entonces, nadie le cre\u00eda.<\/p>\n<p style=\"text-align: justify;\">Las acusaciones empezaron hace dos a\u00f1os, consigna El Pa\u00eds. La chica cont\u00f3 al pediatra que sent\u00eda un ardor al orinar porque: \u00abPap\u00e1 me clav\u00f3 la u\u00f1a\u00bb. Adem\u00e1s, relat\u00f3 que no le gustaban \u00ablas cosquillas\u00bb que le hac\u00eda su padre en los genitales. Tiempo despu\u00e9s, cuando Mar\u00eda volvi\u00f3 al servicio de urgencias con los mismos s\u00edntomas tras estar 10 d\u00edas con su progenitor, el diagn\u00f3stico m\u00e9dico se defini\u00f3: \u00abSospecha de abuso sexual\u00bb.<\/p>\n<p style=\"text-align: justify;\">Entonces empez\u00f3 Mar\u00eda a recorrer el laberinto legal y burocr\u00e1tico en el que se suelen encallar las denuncias de abusos a menores: el perito que examin\u00f3 a la ni\u00f1a no le crey\u00f3 y un juzgado de Madrid archiv\u00f3 su caso, una decisi\u00f3n confirmada luego por la Audiencia Provincial.<\/p>\n<p style=\"text-align: justify;\">De nada le sirvieron los gritos, ni los llantos. La nena no pudo sustraerse a las visitas a su padre, pautadas por la justicia. La madre tampoco logr\u00f3 protegerla, pese a las constantes peleas con su ex pareja -el progenitor de la ni\u00f1a- y sus s\u00faplicas a las autoridades para que no permitan que Mar\u00eda se vaya con el padre.<\/p>\n<p style=\"text-align: justify;\">Entonces la chica urdi\u00f3 su plan. Esta es la transcripci\u00f3n de parte del escalofriante di\u00e1logo, de seis minutos de duraci\u00f3n, entre la ni\u00f1a, su padre y los abuelos, registrado ese d\u00eda y difundido por El Pa\u00eds:<\/p>\n<p style=\"text-align: justify;\">\u2014\u00bb\u00bfPero cu\u00e1ndo te he tocado yo?\u00bb, le dice el padre a la ni\u00f1a.<br \/>\n\u2014\u00bbMuchas veces\u00bb, contesta la ni\u00f1a.<br \/>\n\u2014\u00bbPero cari\u00f1o, eso es para jugar\u00bb, dice \u00e9l.<br \/>\n\u2014\u00bbEs que no tienes que hacerme eso nunca, mi cuerpo es m\u00edo\u00bb, dice ella.<br \/>\n\u2014\u00bbTu cuerpo es tuyo, efectivamente (\u2026), cuando t\u00fa dec\u00edas que no te tocara, yo paraba. Yo lo \u00fanico que te estaba haciendo era cosquillas y estaba jugando contigo\u00bb, le contesta el padre.<\/p>\n<p style=\"text-align: justify;\">El abuelo le explica entonces a la ni\u00f1a que su padre la tocaba para lavarla.<br \/>\n\u2014\u00bbEso hay que asearlo muy bien y darle pomada\u00bb, dice el hombre.<br \/>\n\u2014\u00bbNo, no, no, si yo s\u00e9 por lo que la ni\u00f1a lo dice, si yo s\u00e9 a lo que ella se refiere\u00bb, corrige el padre de la ni\u00f1a.<br \/>\n\u2014\u00bbYo tambi\u00e9n te lo he lavado, entonces ser\u00eda igual\u00bb, dice el abuelo.<br \/>\n\u2014\u00bbNo, si ella no se refiere a eso, si yo s\u00e9 a lo que se refiere\u00bb, dice el padre.<br \/>\n\u2014\u00bb\u00a1Bueno, pues ya est\u00e1!\u00bb, grita la ni\u00f1a.<br \/>\n\u2014\u00bb\u00a1Bueno, pues apechuga, pues apechuga!\u00bb, contesta el padre a gritos.<\/p>\n<p style=\"text-align: justify;\">El abuelo insiste en que el padre solo la tocaba para lavarla. Su hijo lo interrumpe:<br \/>\n\u2014\u00bbYa est\u00e1, pap\u00e1, si ella se refiere a otra cosa. Habla con ella como si fuera una persona mayor, que ella no se refiere a eso\u00bb.<br \/>\n\u2014\u00bbYa, s\u00ed lo sabemos\u00bb, dice la abuela.<\/p>\n<p style=\"text-align: justify;\">La madre denunci\u00f3 ante la Justicia la conversaci\u00f3n en la que el padre admite los abusos.<\/p>\n<p style=\"text-align: justify;\">La situaci\u00f3n desgarradora que tuvo que atravesar Mar\u00eda para resguardarse de los abusos de su padre, no es distinta a la que viven cientos de ni\u00f1os. \u00abLas sentencias revelan que la mayor\u00eda de los menores soportan los abusos durante a\u00f1os y, si nadie de su entorno los descubre, pueden no contarlos hasta mucho despu\u00e9s\u00bb, consigna el diario espa\u00f1ol.<\/p>\n<p style=\"text-align: justify;\">*Mar\u00eda no es un verdadero nombre (I)\u00a0El Pa\u00eds<\/p>\n","protected":false},"excerpt":{"rendered":"<p>Los llantos, los gritos y las protestas previas no le sirvieron de nada. Ni su madre la pod\u00eda ayudar. La<\/p>\n","protected":false},"author":1,"featured_media":12770,"comment_status":"open","ping_status":"open","sticky":false,"template":"","format":"standard","meta":{"footnotes":""},"categories":[7],"tags":[],"_links":{"self":[{"href":"https:\/\/www.ecuadoraldia.com.ec\/index.php?rest_route=\/wp\/v2\/posts\/12769"}],"collection":[{"href":"https:\/\/www.ecuadoraldia.com.ec\/index.php?rest_route=\/wp\/v2\/posts"}],"about":[{"href":"https:\/\/www.ecuadoraldia.com.ec\/index.php?rest_route=\/wp\/v2\/types\/post"}],"author":[{"embeddable":true,"href":"https:\/\/www.ecuadoraldia.com.ec\/index.php?rest_route=\/wp\/v2\/users\/1"}],"replies":[{"embeddable":true,"href":"https:\/\/www.ecuadoraldia.com.ec\/index.php?rest_route=%2Fwp%2Fv2%2Fcomments&post=12769"}],"version-history":[{"count":3,"href":"https:\/\/www.ecuadoraldia.com.ec\/index.php?rest_route=\/wp\/v2\/posts\/12769\/revisions"}],"predecessor-version":[{"id":12776,"href":"https:\/\/www.ecuadoraldia.com.ec\/index.php?rest_route=\/wp\/v2\/posts\/12769\/revisions\/12776"}],"wp:featuredmedia":[{"embeddable":true,"href":"https:\/\/www.ecuadoraldia.com.ec\/index.php?rest_route=\/wp\/v2\/media\/12770"}],"wp:attachment":[{"href":"https:\/\/www.ecuadoraldia.com.ec\/index.php?rest_route=%2Fwp%2Fv2%2Fmedia&parent=12769"}],"wp:term":[{"taxonomy":"category","embeddable":true,"href":"https:\/\/www.ecuadoraldia.com.ec\/index.php?rest_route=%2Fwp%2Fv2%2Fcategories&post=12769"},{"taxonomy":"post_tag","embeddable":true,"href":"https:\/\/www.ecuadoraldia.com.ec\/index.php?rest_route=%2Fwp%2Fv2%2Ftags&post=12769"}],"curies":[{"name":"wp","href":"https:\/\/api.w.org\/{rel}","templated":true}]}}