{"id":12772,"date":"2016-07-06T17:39:21","date_gmt":"2016-07-06T17:39:21","guid":{"rendered":"http:\/\/www.ecuadoraldia.com.ec\/?p=12772"},"modified":"2016-07-06T17:42:36","modified_gmt":"2016-07-06T17:42:36","slug":"tension-en-el-libano-por-el-cierre-de-cuentas-de-militantes-de-grupo-terrorista","status":"publish","type":"post","link":"https:\/\/www.ecuadoraldia.com.ec\/?p=12772","title":{"rendered":"Tensi\u00f3n en el L\u00edbano por el cierre de cuentas de militantes de grupo terrorista"},"content":{"rendered":"<p style=\"text-align: justify;\"><a href=\"http:\/\/www.ecuadoraldia.com.ec\/wp-content\/uploads\/2016\/07\/libano.jpg\" rel=\"attachment wp-att-12773\"><img loading=\"lazy\" decoding=\"async\" class=\"alignleft size-medium wp-image-12773\" src=\"http:\/\/www.ecuadoraldia.com.ec\/wp-content\/uploads\/2016\/07\/libano-300x169.jpg\" alt=\"libano\" width=\"300\" height=\"169\" srcset=\"https:\/\/www.ecuadoraldia.com.ec\/wp-content\/uploads\/2016\/07\/libano-300x169.jpg 300w, https:\/\/www.ecuadoraldia.com.ec\/wp-content\/uploads\/2016\/07\/libano.jpg 600w\" sizes=\"(max-width: 300px) 100vw, 300px\" \/><\/a>AP: Hezbollah est\u00e1 catalogado como un grupo terrorista por los actos sangrientos que lleva a cabo. Hezbollah est\u00e1 catalogado como un grupo terrorista por los actos sangrientos que lleva a cabo.<\/p>\n<p style=\"text-align: justify;\">La cancelaci\u00f3n de cientos de cuentas bancarias de partidarios de Hezbollah reaviv\u00f3 la tensi\u00f3n en el L\u00edbano, donde el movimiento chi\u00edta goza del apoyo de parte de la poblaci\u00f3n a pesar de cometer sangrientos actos de terrorismo.<\/p>\n<p style=\"text-align: justify;\">Si los bancos \u00abcontin\u00faan por este camino\u00bb podr\u00edan acabar cerrando m\u00e1s de \u00ab10.000 cuentas\u00bb, ironiz\u00f3 el economista Ghazi Wazni. \u00abCualquier individuo vinculado al Hezbollah o empleado de una de sus organizaciones se ver\u00eda afectado\u00bb, agreg\u00f3.<\/p>\n<p style=\"text-align: justify;\">Las cancelaciones, iniciadas en mayo por orden del Banco Central, tienen como objetivo evitar sanciones estipuladas en una ley estadounidense adoptada en 2015 para obstaculizar la financiaci\u00f3n del movimiento terrorista liban\u00e9s.<\/p>\n<p style=\"text-align: justify;\">La ley sanciona a las instituciones financieras que \u00abfaciliten todo tipo de transacciones\u00bb para la organizaci\u00f3n o blanqueen sus fondos. Y tambi\u00e9n castiga a los bancos que posibiliten operaciones en beneficio de un centenar de entidades y de personalidades acusadas por el Tesoro estadounidense de v\u00ednculos con Hezbollah.<\/p>\n<p style=\"text-align: justify;\">Terroristas de Hezbollah (Reuters) Terroristas de Hezbollah (Reuters)<br \/>\nSeg\u00fan los expertos, las medidas no perjudicar\u00e1n de sobremanera las finanzas del movimiento chi\u00edta, catalogado como grupo \u00abterrorista\u00bb por Washington y que dispone de una \u00abeconom\u00eda subterr\u00e1nea\u00bb (mercado negro) que escapa al sector bancario.<\/p>\n<p style=\"text-align: justify;\">Sin embargo, esta decisi\u00f3n puso en un aprieto al grupo liban\u00e9s: las medidas afectan a varios diputados y a algunas organizaciones de su red.<\/p>\n<p style=\"text-align: justify;\">En junio pasado, el peri\u00f3dico Al Ajbar -cercano a Hezbollah- anunci\u00f3 el cierre de las cuentas de un hospital del movimiento chi\u00edta y de una asociaci\u00f3n que ayuda a familiares de sus soldados muertos en combate. \u00abO sea cientos, o miles de cuentas\u00bb, lament\u00f3 el diario.<\/p>\n<p style=\"text-align: justify;\">Cualquier individuo vinculado o empleado por Hezbollah podr\u00eda ser afectado por la medida bancaria. Cualquier individuo vinculado o empleado por Hezbollah podr\u00eda ser afectado por la medida bancaria.<br \/>\n\u00abAgresi\u00f3n\u00bb<\/p>\n<p style=\"text-align: justify;\">\u00abDesde hace ya cuatro meses, cobramos el sueldo en efectivo, antes nos pagaban con cheque\u00bb, afirm\u00f3 un empleado de una organizaci\u00f3n de Hezbollah, que pidi\u00f3 permanecer en el anonimato.<\/p>\n<p style=\"text-align: justify;\">Las medidas han enfurecido al movimiento chi\u00edta, que acusa al gobernador del banco central Riad Salameh de \u00abplegarse\u00bb a las peticiones de Washington. El jefe de Hezbollah, Hassan Nasrallah conden\u00f3 a finales de junio \u00abla agresi\u00f3n\u00bb de los bancos \u00abcontra los nuestros, nuestro p\u00fablico, nuestras familias\u00bb. (I) AP<\/p>\n","protected":false},"excerpt":{"rendered":"<p>AP: Hezbollah est\u00e1 catalogado como un grupo terrorista por los actos sangrientos que lleva a cabo. Hezbollah est\u00e1 catalogado como<\/p>\n","protected":false},"author":1,"featured_media":12773,"comment_status":"open","ping_status":"open","sticky":false,"template":"","format":"standard","meta":{"footnotes":""},"categories":[7],"tags":[],"_links":{"self":[{"href":"https:\/\/www.ecuadoraldia.com.ec\/index.php?rest_route=\/wp\/v2\/posts\/12772"}],"collection":[{"href":"https:\/\/www.ecuadoraldia.com.ec\/index.php?rest_route=\/wp\/v2\/posts"}],"about":[{"href":"https:\/\/www.ecuadoraldia.com.ec\/index.php?rest_route=\/wp\/v2\/types\/post"}],"author":[{"embeddable":true,"href":"https:\/\/www.ecuadoraldia.com.ec\/index.php?rest_route=\/wp\/v2\/users\/1"}],"replies":[{"embeddable":true,"href":"https:\/\/www.ecuadoraldia.com.ec\/index.php?rest_route=%2Fwp%2Fv2%2Fcomments&post=12772"}],"version-history":[{"count":2,"href":"https:\/\/www.ecuadoraldia.com.ec\/index.php?rest_route=\/wp\/v2\/posts\/12772\/revisions"}],"predecessor-version":[{"id":12777,"href":"https:\/\/www.ecuadoraldia.com.ec\/index.php?rest_route=\/wp\/v2\/posts\/12772\/revisions\/12777"}],"wp:featuredmedia":[{"embeddable":true,"href":"https:\/\/www.ecuadoraldia.com.ec\/index.php?rest_route=\/wp\/v2\/media\/12773"}],"wp:attachment":[{"href":"https:\/\/www.ecuadoraldia.com.ec\/index.php?rest_route=%2Fwp%2Fv2%2Fmedia&parent=12772"}],"wp:term":[{"taxonomy":"category","embeddable":true,"href":"https:\/\/www.ecuadoraldia.com.ec\/index.php?rest_route=%2Fwp%2Fv2%2Fcategories&post=12772"},{"taxonomy":"post_tag","embeddable":true,"href":"https:\/\/www.ecuadoraldia.com.ec\/index.php?rest_route=%2Fwp%2Fv2%2Ftags&post=12772"}],"curies":[{"name":"wp","href":"https:\/\/api.w.org\/{rel}","templated":true}]}}