{"id":12779,"date":"2016-07-07T13:34:46","date_gmt":"2016-07-07T13:34:46","guid":{"rendered":"http:\/\/www.ecuadoraldia.com.ec\/?p=12779"},"modified":"2016-07-07T13:34:46","modified_gmt":"2016-07-07T13:34:46","slug":"inflacion-de-junio-aumento-036-segun-inec","status":"publish","type":"post","link":"https:\/\/www.ecuadoraldia.com.ec\/?p=12779","title":{"rendered":"Inflaci\u00f3n de junio aument\u00f3 0,36% seg\u00fan INEC"},"content":{"rendered":"<p style=\"text-align: justify;\"><a href=\"http:\/\/www.ecuadoraldia.com.ec\/wp-content\/uploads\/2016\/07\/canasta-basica.jpg\" rel=\"attachment wp-att-12780\"><img loading=\"lazy\" decoding=\"async\" class=\"alignleft size-medium wp-image-12780\" src=\"http:\/\/www.ecuadoraldia.com.ec\/wp-content\/uploads\/2016\/07\/canasta-basica-300x200.jpg\" alt=\"canasta-basica\" width=\"300\" height=\"200\" srcset=\"https:\/\/www.ecuadoraldia.com.ec\/wp-content\/uploads\/2016\/07\/canasta-basica-300x200.jpg 300w, https:\/\/www.ecuadoraldia.com.ec\/wp-content\/uploads\/2016\/07\/canasta-basica-768x512.jpg 768w, https:\/\/www.ecuadoraldia.com.ec\/wp-content\/uploads\/2016\/07\/canasta-basica-1024x683.jpg 1024w\" sizes=\"(max-width: 300px) 100vw, 300px\" \/><\/a>La inflaci\u00f3n mensual de Ecuador aument\u00f3 de 0,03% en mayo a 0,36% en junio, mientras que el acumulado en el primer semestre de 2016 pas\u00f3 a 1,29%, indic\u00f3 este mi\u00e9rcoles el Instituto Nacional de Estad\u00edstica y Censos (INEC).<\/p>\n<p style=\"text-align: justify;\">La inflaci\u00f3n anualizada descendi\u00f3 a 1,63% en mayo a 1,59% en junio y la acumulada desde enero subi\u00f3 de 0,92% a 1,29%, respectivamente, a\u00f1adi\u00f3 el organismo.<\/p>\n<p style=\"text-align: justify;\">En junio de 2015, el aumento de los precios fue de 0,41%, seg\u00fan el INEC.<\/p>\n<p style=\"text-align: justify;\">Ecuador, cuya econom\u00eda est\u00e1 dolarizada desde 2000, registr\u00f3 en 2015 una inflaci\u00f3n anual de 3,30% y para 2016 se fij\u00f3 como meta un nivel tambi\u00e9n superior a 3%.<\/p>\n<p style=\"text-align: justify;\">Las divisiones de alimentos y bebidas no alcoh\u00f3licas y de bienes y servicios diversos fueron las que mayormente contribuyeron en la variaci\u00f3n de la tasa el mes pasado.<\/p>\n<p style=\"text-align: justify;\">Ecuador cerr\u00f3 el 2015 con una inflaci\u00f3n del 3,38 por ciento y proyecta un \u00edndice de 3,3 por ciento para este a\u00f1o, aunque las autoridades han dicho que la estimaci\u00f3n podr\u00eda variar por las medidas del Gobierno para enfrentar los costos de un devastador terremoto que azot\u00f3 al pa\u00eds en abril. (I)<\/p>\n","protected":false},"excerpt":{"rendered":"<p>La inflaci\u00f3n mensual de Ecuador aument\u00f3 de 0,03% en mayo a 0,36% en junio, mientras que el acumulado en el<\/p>\n","protected":false},"author":1,"featured_media":12780,"comment_status":"open","ping_status":"open","sticky":false,"template":"","format":"standard","meta":{"footnotes":""},"categories":[9],"tags":[],"_links":{"self":[{"href":"https:\/\/www.ecuadoraldia.com.ec\/index.php?rest_route=\/wp\/v2\/posts\/12779"}],"collection":[{"href":"https:\/\/www.ecuadoraldia.com.ec\/index.php?rest_route=\/wp\/v2\/posts"}],"about":[{"href":"https:\/\/www.ecuadoraldia.com.ec\/index.php?rest_route=\/wp\/v2\/types\/post"}],"author":[{"embeddable":true,"href":"https:\/\/www.ecuadoraldia.com.ec\/index.php?rest_route=\/wp\/v2\/users\/1"}],"replies":[{"embeddable":true,"href":"https:\/\/www.ecuadoraldia.com.ec\/index.php?rest_route=%2Fwp%2Fv2%2Fcomments&post=12779"}],"version-history":[{"count":1,"href":"https:\/\/www.ecuadoraldia.com.ec\/index.php?rest_route=\/wp\/v2\/posts\/12779\/revisions"}],"predecessor-version":[{"id":12781,"href":"https:\/\/www.ecuadoraldia.com.ec\/index.php?rest_route=\/wp\/v2\/posts\/12779\/revisions\/12781"}],"wp:featuredmedia":[{"embeddable":true,"href":"https:\/\/www.ecuadoraldia.com.ec\/index.php?rest_route=\/wp\/v2\/media\/12780"}],"wp:attachment":[{"href":"https:\/\/www.ecuadoraldia.com.ec\/index.php?rest_route=%2Fwp%2Fv2%2Fmedia&parent=12779"}],"wp:term":[{"taxonomy":"category","embeddable":true,"href":"https:\/\/www.ecuadoraldia.com.ec\/index.php?rest_route=%2Fwp%2Fv2%2Fcategories&post=12779"},{"taxonomy":"post_tag","embeddable":true,"href":"https:\/\/www.ecuadoraldia.com.ec\/index.php?rest_route=%2Fwp%2Fv2%2Ftags&post=12779"}],"curies":[{"name":"wp","href":"https:\/\/api.w.org\/{rel}","templated":true}]}}