{"id":12782,"date":"2016-07-07T13:40:27","date_gmt":"2016-07-07T13:40:27","guid":{"rendered":"http:\/\/www.ecuadoraldia.com.ec\/?p=12782"},"modified":"2016-07-07T13:40:27","modified_gmt":"2016-07-07T13:40:27","slug":"cdh-rechaza-desalojo-de-cubanos-del-parque-el-arbolito-en-quito","status":"publish","type":"post","link":"https:\/\/www.ecuadoraldia.com.ec\/?p=12782","title":{"rendered":"CDH rechaza desalojo de cubanos del parque El Arbolito, en Quito"},"content":{"rendered":"<p style=\"text-align: justify;\"><a href=\"http:\/\/www.ecuadoraldia.com.ec\/wp-content\/uploads\/2016\/07\/desalojo_de_cubanos_de_parque_de_el_arbolito.jpg\" rel=\"attachment wp-att-12783\"><img loading=\"lazy\" decoding=\"async\" class=\"alignleft size-medium wp-image-12783\" src=\"http:\/\/www.ecuadoraldia.com.ec\/wp-content\/uploads\/2016\/07\/desalojo_de_cubanos_de_parque_de_el_arbolito-300x146.jpg\" alt=\"desalojo_de_cubanos_de_parque_de_el_arbolito\" width=\"300\" height=\"146\" srcset=\"https:\/\/www.ecuadoraldia.com.ec\/wp-content\/uploads\/2016\/07\/desalojo_de_cubanos_de_parque_de_el_arbolito-300x146.jpg 300w, https:\/\/www.ecuadoraldia.com.ec\/wp-content\/uploads\/2016\/07\/desalojo_de_cubanos_de_parque_de_el_arbolito.jpg 618w\" sizes=\"(max-width: 300px) 100vw, 300px\" \/><\/a>La agrupaci\u00f3n de Defensores de Derechos Humanos de Migrantes y el Comit\u00e9 Permanente por la Defensa de los Derechos Humanos (CDH) rechazaron esta tarde el desalojo de ciudadanos cubanos de un campamento instalado en el parque de El Arbolito, en Quito. La acci\u00f3n policial se produjo en horas de la madrugada, en un operativo que ambas entidades consideran \u201cdesmedido\u201d.<\/p>\n<p style=\"text-align: justify;\">Los cubanos acampaban en tiendas y ped\u00edan a las autoridades mexicanas que les conceda una visa humanitaria para llegar a los Estados Unidos.<\/p>\n<p style=\"text-align: justify;\">Con el desalojo se produjo, adem\u00e1s, la aprehensi\u00f3n de un grupo de los extranjeros, quienes fueron trasladados hasta la Unidad de Flagrancia de Pichincha.<\/p>\n<p style=\"text-align: justify;\">Seg\u00fan un conteo preliminar de los Defensores de los Derechos Humanos de Migrantes, m\u00e1s de 145 personas se encuentran detenidas en dicha Unidad. El colectivo denunci\u00f3 que solo a partir de las 11:00, abogados defensores pudieron entrar para tener contacto con los extranjeros e iniciar su patrocinio legal.<\/p>\n<p style=\"text-align: justify;\">De ese total de retenidos, sostuvo el colectivo, hay cuatro menores de edad (3, 4, 10 y 11 a\u00f1os), y un adolescente cuya edad -precisa- se desconoce.<\/p>\n<p style=\"text-align: justify;\">La agrupaci\u00f3n de Derechos Humanos de Migrantes y la CDH afirman que el campamento de El Arbolito ten\u00eda permiso municipal hasta este s\u00e1bado 9 de julio, periodo que incluso pod\u00eda ser prorrogado ante las autoridades municipales.<\/p>\n<p style=\"text-align: justify;\">De ah\u00ed que expres\u00f3 su rechazo al desalojo y argument\u00f3 que aproximadamente 400 personas no tienen donde pernoctar a partir de esta noche.<\/p>\n<p style=\"text-align: justify;\">\u201cLos hechos acontecidos en la madrugada de hoy constituyen un atentado contra los derechos de las personas en movilidad humana en Ecuador\u201d, enfatiza el comunicado enviado por el colectivo. (I) El Universo<\/p>\n","protected":false},"excerpt":{"rendered":"<p>La agrupaci\u00f3n de Defensores de Derechos Humanos de Migrantes y el Comit\u00e9 Permanente por la Defensa de los Derechos Humanos<\/p>\n","protected":false},"author":1,"featured_media":12783,"comment_status":"open","ping_status":"open","sticky":false,"template":"","format":"standard","meta":{"footnotes":""},"categories":[17],"tags":[],"_links":{"self":[{"href":"https:\/\/www.ecuadoraldia.com.ec\/index.php?rest_route=\/wp\/v2\/posts\/12782"}],"collection":[{"href":"https:\/\/www.ecuadoraldia.com.ec\/index.php?rest_route=\/wp\/v2\/posts"}],"about":[{"href":"https:\/\/www.ecuadoraldia.com.ec\/index.php?rest_route=\/wp\/v2\/types\/post"}],"author":[{"embeddable":true,"href":"https:\/\/www.ecuadoraldia.com.ec\/index.php?rest_route=\/wp\/v2\/users\/1"}],"replies":[{"embeddable":true,"href":"https:\/\/www.ecuadoraldia.com.ec\/index.php?rest_route=%2Fwp%2Fv2%2Fcomments&post=12782"}],"version-history":[{"count":1,"href":"https:\/\/www.ecuadoraldia.com.ec\/index.php?rest_route=\/wp\/v2\/posts\/12782\/revisions"}],"predecessor-version":[{"id":12784,"href":"https:\/\/www.ecuadoraldia.com.ec\/index.php?rest_route=\/wp\/v2\/posts\/12782\/revisions\/12784"}],"wp:featuredmedia":[{"embeddable":true,"href":"https:\/\/www.ecuadoraldia.com.ec\/index.php?rest_route=\/wp\/v2\/media\/12783"}],"wp:attachment":[{"href":"https:\/\/www.ecuadoraldia.com.ec\/index.php?rest_route=%2Fwp%2Fv2%2Fmedia&parent=12782"}],"wp:term":[{"taxonomy":"category","embeddable":true,"href":"https:\/\/www.ecuadoraldia.com.ec\/index.php?rest_route=%2Fwp%2Fv2%2Fcategories&post=12782"},{"taxonomy":"post_tag","embeddable":true,"href":"https:\/\/www.ecuadoraldia.com.ec\/index.php?rest_route=%2Fwp%2Fv2%2Ftags&post=12782"}],"curies":[{"name":"wp","href":"https:\/\/api.w.org\/{rel}","templated":true}]}}