{"id":12785,"date":"2016-07-07T19:38:42","date_gmt":"2016-07-07T19:38:42","guid":{"rendered":"http:\/\/www.ecuadoraldia.com.ec\/?p=12785"},"modified":"2016-07-07T19:38:42","modified_gmt":"2016-07-07T19:38:42","slug":"renuncia-jefe-de-diputados-que-abrio-impeachment-de-rousseff","status":"publish","type":"post","link":"https:\/\/www.ecuadoraldia.com.ec\/?p=12785","title":{"rendered":"Renuncia jefe de diputados que abri\u00f3 impeachment de Rousseff"},"content":{"rendered":"<p style=\"text-align: justify;\"><a href=\"http:\/\/www.ecuadoraldia.com.ec\/wp-content\/uploads\/2016\/07\/caso-brasil.jpg\" rel=\"attachment wp-att-12786\"><img loading=\"lazy\" decoding=\"async\" class=\"alignleft size-medium wp-image-12786\" src=\"http:\/\/www.ecuadoraldia.com.ec\/wp-content\/uploads\/2016\/07\/caso-brasil-300x142.jpg\" alt=\"caso brasil\" width=\"300\" height=\"142\" srcset=\"https:\/\/www.ecuadoraldia.com.ec\/wp-content\/uploads\/2016\/07\/caso-brasil-300x142.jpg 300w, https:\/\/www.ecuadoraldia.com.ec\/wp-content\/uploads\/2016\/07\/caso-brasil.jpg 636w\" sizes=\"(max-width: 300px) 100vw, 300px\" \/><\/a>AFP El diputado brasile\u00f1o Eduardo Cunha renunci\u00f3 entre l\u00e1grimas este jueves a la presidencia de la c\u00e1mara de Diputados, rematando una pol\u00e9mica gesti\u00f3n en la que autoriz\u00f3 el juicio pol\u00edtico de Dilma Rousseff y fue acusado de cobrar sobornos multimillonarios.<\/p>\n<p style=\"text-align: justify;\">\u00abEs p\u00fablico y notorio que la casa (c\u00e1mara de Diputados) est\u00e1 ac\u00e9fala, fruto de un interinato bizarro, que no condice con lo que el pa\u00eds espera del nuevo tiempo tras la suspensi\u00f3n de la presidenta de la Rep\u00fablica, y solo mi renuncia podr\u00e1 poner fin a esa inestabilidad\u00bb, dijo el diputado a la prensa al leer su dimisi\u00f3n con ojos enrojecidos y la voz quebrada. (I)<\/p>\n","protected":false},"excerpt":{"rendered":"<p>AFP El diputado brasile\u00f1o Eduardo Cunha renunci\u00f3 entre l\u00e1grimas este jueves a la presidencia de la c\u00e1mara de Diputados, rematando<\/p>\n","protected":false},"author":1,"featured_media":12786,"comment_status":"open","ping_status":"open","sticky":false,"template":"","format":"standard","meta":{"footnotes":""},"categories":[7],"tags":[],"_links":{"self":[{"href":"https:\/\/www.ecuadoraldia.com.ec\/index.php?rest_route=\/wp\/v2\/posts\/12785"}],"collection":[{"href":"https:\/\/www.ecuadoraldia.com.ec\/index.php?rest_route=\/wp\/v2\/posts"}],"about":[{"href":"https:\/\/www.ecuadoraldia.com.ec\/index.php?rest_route=\/wp\/v2\/types\/post"}],"author":[{"embeddable":true,"href":"https:\/\/www.ecuadoraldia.com.ec\/index.php?rest_route=\/wp\/v2\/users\/1"}],"replies":[{"embeddable":true,"href":"https:\/\/www.ecuadoraldia.com.ec\/index.php?rest_route=%2Fwp%2Fv2%2Fcomments&post=12785"}],"version-history":[{"count":1,"href":"https:\/\/www.ecuadoraldia.com.ec\/index.php?rest_route=\/wp\/v2\/posts\/12785\/revisions"}],"predecessor-version":[{"id":12787,"href":"https:\/\/www.ecuadoraldia.com.ec\/index.php?rest_route=\/wp\/v2\/posts\/12785\/revisions\/12787"}],"wp:featuredmedia":[{"embeddable":true,"href":"https:\/\/www.ecuadoraldia.com.ec\/index.php?rest_route=\/wp\/v2\/media\/12786"}],"wp:attachment":[{"href":"https:\/\/www.ecuadoraldia.com.ec\/index.php?rest_route=%2Fwp%2Fv2%2Fmedia&parent=12785"}],"wp:term":[{"taxonomy":"category","embeddable":true,"href":"https:\/\/www.ecuadoraldia.com.ec\/index.php?rest_route=%2Fwp%2Fv2%2Fcategories&post=12785"},{"taxonomy":"post_tag","embeddable":true,"href":"https:\/\/www.ecuadoraldia.com.ec\/index.php?rest_route=%2Fwp%2Fv2%2Ftags&post=12785"}],"curies":[{"name":"wp","href":"https:\/\/api.w.org\/{rel}","templated":true}]}}