{"id":12788,"date":"2016-07-07T19:44:13","date_gmt":"2016-07-07T19:44:13","guid":{"rendered":"http:\/\/www.ecuadoraldia.com.ec\/?p=12788"},"modified":"2016-07-07T19:44:13","modified_gmt":"2016-07-07T19:44:13","slug":"lasso-n-o-declinara-su-candidatura-presidencial","status":"publish","type":"post","link":"https:\/\/www.ecuadoraldia.com.ec\/?p=12788","title":{"rendered":"Lasso n o declinar\u00e1 su candidatura presidencial"},"content":{"rendered":"<p style=\"text-align: justify;\"><a href=\"http:\/\/www.ecuadoraldia.com.ec\/wp-content\/uploads\/2016\/07\/lasso.jpg\" rel=\"attachment wp-att-12789\"><img loading=\"lazy\" decoding=\"async\" class=\"alignleft size-medium wp-image-12789\" src=\"http:\/\/www.ecuadoraldia.com.ec\/wp-content\/uploads\/2016\/07\/lasso-300x161.jpg\" alt=\"lasso\" width=\"300\" height=\"161\" srcset=\"https:\/\/www.ecuadoraldia.com.ec\/wp-content\/uploads\/2016\/07\/lasso-300x161.jpg 300w, https:\/\/www.ecuadoraldia.com.ec\/wp-content\/uploads\/2016\/07\/lasso.jpg 559w\" sizes=\"(max-width: 300px) 100vw, 300px\" \/><\/a>Guillermo Lasso, asegur\u00f3 este jueves que est\u00e1 dispuesto a tener di\u00e1logos con el movimiento SUMA y con el prefecto del Azuay, Pa\u00fal Carrasco, para buscar consensos para candidaturas en 2017.<\/p>\n<p style=\"text-align: justify;\">Sin embargo, cuando se le consult\u00f3 sobre un potencial acercamiento con el alcalde de Guayaquil, Jaime Nebot, desvi\u00f3 el tema y ni siquiera mencion\u00f3 directamente al burgomaestre.<\/p>\n<p style=\"text-align: justify;\">En entrevista con Ecuavisa, Lasso elogi\u00f3 el \u00faltimo comunicado emitido por el Movimiento SUMA la noche del pasado martes. Seg\u00fan el l\u00edder de CREO, en ese comunicado \u00abse plantea una apertura m\u00e1s all\u00e1 de lo que ellos llaman &#8216;La Unidad'\u00bb y \u00abda \u00e9nfasis a ciertos conceptos con los que nosotros coincidimos para dar una cambio al Ecuador\u00bb.<\/p>\n<p style=\"text-align: justify;\">\u00abPor eso yo saludo, y apoyo el comunicado de SUMA y digo con absoluta claridad que estamos dispuestos tanto en CREO como en Compromiso Ecuador y personalmente, a alogar con el alcalde de Quito (Mauricio Rodas), con el prefecto del Azuay (Pa\u00fal Carrasco), que ha sido muy claro al expresar la necesidad de un proceso m\u00e1s amplio y es por eso que no hemos presentado p\u00fablicamente nuestro plan de gobierno porque queremos recogar m\u00e1s opiniones\u00bb, indic\u00f3 el banquero guayaquile\u00f1o.<\/p>\n<p style=\"text-align: justify;\">Cuando se le consult\u00f3 sobre la decisi\u00f3n del Partido Social Cristiano -con Nebot a la cabeza- de presentar la candidatura de Cynthia Viteri y de bloquear alianzas electorales con CREO por lo manifestado en un video, Lasso opt\u00f3 por referirse a un supuesto encuentro con una comerciante en Otavalo que le aconsej\u00f3 no enfrascarse en peleas pol\u00edticas. En este tramo de la entrevista, Lasso ni siquiera mencion\u00f3 el apellido Nebot en su respuesta.<\/p>\n","protected":false},"excerpt":{"rendered":"<p>Guillermo Lasso, asegur\u00f3 este jueves que est\u00e1 dispuesto a tener di\u00e1logos con el movimiento SUMA y con el prefecto del<\/p>\n","protected":false},"author":1,"featured_media":12789,"comment_status":"open","ping_status":"open","sticky":false,"template":"","format":"standard","meta":{"footnotes":""},"categories":[3],"tags":[],"_links":{"self":[{"href":"https:\/\/www.ecuadoraldia.com.ec\/index.php?rest_route=\/wp\/v2\/posts\/12788"}],"collection":[{"href":"https:\/\/www.ecuadoraldia.com.ec\/index.php?rest_route=\/wp\/v2\/posts"}],"about":[{"href":"https:\/\/www.ecuadoraldia.com.ec\/index.php?rest_route=\/wp\/v2\/types\/post"}],"author":[{"embeddable":true,"href":"https:\/\/www.ecuadoraldia.com.ec\/index.php?rest_route=\/wp\/v2\/users\/1"}],"replies":[{"embeddable":true,"href":"https:\/\/www.ecuadoraldia.com.ec\/index.php?rest_route=%2Fwp%2Fv2%2Fcomments&post=12788"}],"version-history":[{"count":1,"href":"https:\/\/www.ecuadoraldia.com.ec\/index.php?rest_route=\/wp\/v2\/posts\/12788\/revisions"}],"predecessor-version":[{"id":12790,"href":"https:\/\/www.ecuadoraldia.com.ec\/index.php?rest_route=\/wp\/v2\/posts\/12788\/revisions\/12790"}],"wp:featuredmedia":[{"embeddable":true,"href":"https:\/\/www.ecuadoraldia.com.ec\/index.php?rest_route=\/wp\/v2\/media\/12789"}],"wp:attachment":[{"href":"https:\/\/www.ecuadoraldia.com.ec\/index.php?rest_route=%2Fwp%2Fv2%2Fmedia&parent=12788"}],"wp:term":[{"taxonomy":"category","embeddable":true,"href":"https:\/\/www.ecuadoraldia.com.ec\/index.php?rest_route=%2Fwp%2Fv2%2Fcategories&post=12788"},{"taxonomy":"post_tag","embeddable":true,"href":"https:\/\/www.ecuadoraldia.com.ec\/index.php?rest_route=%2Fwp%2Fv2%2Ftags&post=12788"}],"curies":[{"name":"wp","href":"https:\/\/api.w.org\/{rel}","templated":true}]}}