{"id":12791,"date":"2016-07-07T19:48:17","date_gmt":"2016-07-07T19:48:17","guid":{"rendered":"http:\/\/www.ecuadoraldia.com.ec\/?p=12791"},"modified":"2016-07-08T16:48:25","modified_gmt":"2016-07-08T16:48:25","slug":"tamayo-y-daza-dos-generalas-a-la-cupula-policial","status":"publish","type":"post","link":"https:\/\/www.ecuadoraldia.com.ec\/?p=12791","title":{"rendered":"Dos generalas a la c\u00fapula policial"},"content":{"rendered":"<figure id=\"attachment_12792\" aria-describedby=\"caption-attachment-12792\" style=\"width: 300px\" class=\"wp-caption alignleft\"><a href=\"http:\/\/www.ecuadoraldia.com.ec\/wp-content\/uploads\/2016\/07\/generalas.jpg\" rel=\"attachment wp-att-12792\"><img loading=\"lazy\" decoding=\"async\" class=\"size-medium wp-image-12792\" src=\"http:\/\/www.ecuadoraldia.com.ec\/wp-content\/uploads\/2016\/07\/generalas-300x142.jpg\" alt=\"Tamayo y Daza desmontan el machismo en la c\u00fapula policial\" width=\"300\" height=\"142\" srcset=\"https:\/\/www.ecuadoraldia.com.ec\/wp-content\/uploads\/2016\/07\/generalas-300x142.jpg 300w, https:\/\/www.ecuadoraldia.com.ec\/wp-content\/uploads\/2016\/07\/generalas.jpg 636w\" sizes=\"(max-width: 300px) 100vw, 300px\" \/><\/a><figcaption id=\"caption-attachment-12792\" class=\"wp-caption-text\">Tamayo y Daza desmontan el machismo en la c\u00fapula policial<\/figcaption><\/figure>\n<p style=\"text-align: justify;\">La ceremonia administrativa de ascenso de Ivonne Estrella Daza y Mar\u00eda Fernanda Tamayo se efectu\u00f3 ayer. Cuatro nuevos generales tambi\u00e9n integran la promoci\u00f3n 48. Redacci\u00f3n Justicia En una ceremonia administrativa realizada ayer en la Comandancia de Polic\u00eda, los y las coroneles: Ivonne Estrella Daza y Mar\u00eda Fernanda Tamayo; Len\u00edn Bola\u00f1os Pantoja, Carlos Guti\u00e9rrez Mu\u00f1oz, Marcelo Tobar Montenegro y Pablo Aguirre Mu\u00f1oz, que componen la promoci\u00f3n 48 de oficiales de l\u00ednea, ascendieron a generales de Distrito.<\/p>\n<p style=\"text-align: justify;\">Se han roto taras del machismo \u201cHemos tenido que romper las taras del machismo que tambi\u00e9n conformaban la estructura de la sociedad ecuatoriana\u201d, afirm\u00f3 el ministro del Interior, Jos\u00e9 Serrano. Destac\u00f3 que alrededor de 5.000 mujeres, que son parte de las filas policiales, han realizado un trabajo patri\u00f3tico y clave para la disminuci\u00f3n significativa de los diferentes \u00edndices de delitos en Ecuador.<\/p>\n<p style=\"text-align: justify;\">Con la labor de Mar\u00eda Fernanda Tamayo, al frente de la Escuela Superior de Polic\u00eda se ha recuperado la institucionalidad del alma mater. \u201cSe acabaron los compadrazgos, las canonj\u00edas que eran secretos a voces y estaban invisibilizadas hacia el exterior, donde hijos de oficiales ten\u00edan privilegios frente al resto de cadetes\u201d, anot\u00f3.<\/p>\n<p style=\"text-align: justify;\">El general Len\u00edn Bola\u00f1os, en representaci\u00f3n de los oficiales ascendidos, resalt\u00f3 el ascenso de sus dos compa\u00f1eras que ingresaron a la instituci\u00f3n hace 33 a\u00f1os. Mar\u00eda Fernanda Tamayo dijo estar \u201cagradecida y comprometida para seguir trabajando al servicio de la patria. Fueron a\u00f1os complejos y de sacrificio\u201d, expres\u00f3. \u201cEl haber trabajado con grupos vulnerables, ni\u00f1os y adolescentes, mujeres violentadas, me ha dado fuerza, porque no podemos permitir que se vulneren sus derechos\u201d, se\u00f1al\u00f3 la general Ivonne Daza. (I)<\/p>\n","protected":false},"excerpt":{"rendered":"<p>La ceremonia administrativa de ascenso de Ivonne Estrella Daza y Mar\u00eda Fernanda Tamayo se efectu\u00f3 ayer. Cuatro nuevos generales tambi\u00e9n<\/p>\n","protected":false},"author":1,"featured_media":12792,"comment_status":"open","ping_status":"open","sticky":false,"template":"","format":"standard","meta":{"footnotes":""},"categories":[20],"tags":[],"_links":{"self":[{"href":"https:\/\/www.ecuadoraldia.com.ec\/index.php?rest_route=\/wp\/v2\/posts\/12791"}],"collection":[{"href":"https:\/\/www.ecuadoraldia.com.ec\/index.php?rest_route=\/wp\/v2\/posts"}],"about":[{"href":"https:\/\/www.ecuadoraldia.com.ec\/index.php?rest_route=\/wp\/v2\/types\/post"}],"author":[{"embeddable":true,"href":"https:\/\/www.ecuadoraldia.com.ec\/index.php?rest_route=\/wp\/v2\/users\/1"}],"replies":[{"embeddable":true,"href":"https:\/\/www.ecuadoraldia.com.ec\/index.php?rest_route=%2Fwp%2Fv2%2Fcomments&post=12791"}],"version-history":[{"count":2,"href":"https:\/\/www.ecuadoraldia.com.ec\/index.php?rest_route=\/wp\/v2\/posts\/12791\/revisions"}],"predecessor-version":[{"id":12794,"href":"https:\/\/www.ecuadoraldia.com.ec\/index.php?rest_route=\/wp\/v2\/posts\/12791\/revisions\/12794"}],"wp:featuredmedia":[{"embeddable":true,"href":"https:\/\/www.ecuadoraldia.com.ec\/index.php?rest_route=\/wp\/v2\/media\/12792"}],"wp:attachment":[{"href":"https:\/\/www.ecuadoraldia.com.ec\/index.php?rest_route=%2Fwp%2Fv2%2Fmedia&parent=12791"}],"wp:term":[{"taxonomy":"category","embeddable":true,"href":"https:\/\/www.ecuadoraldia.com.ec\/index.php?rest_route=%2Fwp%2Fv2%2Fcategories&post=12791"},{"taxonomy":"post_tag","embeddable":true,"href":"https:\/\/www.ecuadoraldia.com.ec\/index.php?rest_route=%2Fwp%2Fv2%2Ftags&post=12791"}],"curies":[{"name":"wp","href":"https:\/\/api.w.org\/{rel}","templated":true}]}}