{"id":12795,"date":"2016-07-08T17:00:28","date_gmt":"2016-07-08T17:00:28","guid":{"rendered":"http:\/\/www.ecuadoraldia.com.ec\/?p=12795"},"modified":"2016-07-08T17:00:28","modified_gmt":"2016-07-08T17:00:28","slug":"correa-enviara-a-la-c-c-pregunta-para-consulta-sobre-paraisos-fiscales","status":"publish","type":"post","link":"https:\/\/www.ecuadoraldia.com.ec\/?p=12795","title":{"rendered":"Correa enviar\u00e1 a la C.C. pregunta para consulta sobre para\u00edsos Fiscales"},"content":{"rendered":"<p style=\"text-align: justify;\"><a href=\"http:\/\/www.ecuadoraldia.com.ec\/wp-content\/uploads\/2016\/07\/correa-y-consulta.jpg\" rel=\"attachment wp-att-12796\"><img loading=\"lazy\" decoding=\"async\" class=\"alignleft size-medium wp-image-12796\" src=\"http:\/\/www.ecuadoraldia.com.ec\/wp-content\/uploads\/2016\/07\/correa-y-consulta-300x190.jpg\" alt=\"correa y consulta\" width=\"300\" height=\"190\" srcset=\"https:\/\/www.ecuadoraldia.com.ec\/wp-content\/uploads\/2016\/07\/correa-y-consulta-300x190.jpg 300w, https:\/\/www.ecuadoraldia.com.ec\/wp-content\/uploads\/2016\/07\/correa-y-consulta.jpg 473w\" sizes=\"(max-width: 300px) 100vw, 300px\" \/><\/a>El presidente de la Rep\u00fablica, Rafael Correa, anunci\u00f3 este viernes que la pr\u00f3xima semana enviar\u00e1 a la Corte Constitucional una propuesta de pregunta para realizar una consulta popular para impedir que un funcionario p\u00fablico -sea electo por voto ciudadano o no- tenga capitales invertidos en para\u00edsos fiscales.<\/p>\n<p style=\"text-align: justify;\">\u201cLa pr\u00f3xima semana enviar\u00e9 a la Corte Constitucional la propuesta de consulta popular en el sentido de que no pueda ser funcionario p\u00fablico no solo candidato, sea electo por votaci\u00f3n popular o no, alg\u00fan ciudadano que tenga capitales o empresas en para\u00edsos fiscales (&#8230;) Para que no digan que estamos dedic\u00e1ndole a Lasso, Nebot, ojal\u00e1 se lance, se va a dar una transitoria, en la pregunta est\u00e1 propuesta, de un a\u00f1o, a partir de la aprobaci\u00f3n de la pregunta para que todo funcionario p\u00fablico se deshaga de sus fondos, de sus empresas en para\u00edsos fiscales y pueda seguir siendo funcionario p\u00fablico, si no renuncie\u201d, indic\u00f3 Correa.<\/p>\n<p style=\"text-align: justify;\">Es que a ra\u00edz de las denuncias del caso de los Papeles de Panam\u00e1, se\u00f1ala a Jefes de estado y de Gobierno en ejercicio y retirados, pol\u00edticos, grandes empresarios, deportistas de \u00e9lite, actores o artistas de prestigio mundial. Nombres como el jugador del Barcelona Leo Messi, la t\u00eda del Rey de Espa\u00f1a, Pilar de Borb\u00f3n, el presidente ruso, Vladimir Putin, o el primer ministro island\u00e9s, Sigmundur David Gunnlaugsson son algunos de los nombres que aparecen en los m\u00e1s de 11 millones de documentos, registros, contratos, memorandos que probar\u00edan 40 a\u00f1os de intensa actividad offshore \u2014sociedades opacas, es decir, registradas en un pa\u00eds en el que no realizan ninguna actividad econ\u00f3mica\u2014.<\/p>\n<p style=\"text-align: justify;\">El Grupo Mossack Fonseca es la firma en el centro del esc\u00e1ndalo global por su papel como uno de los cinco m\u00e1s grandes despachos de abogados para el registro internacional de sociedades offshore. La fiscal\u00eda paname\u00f1a ya ha anunciado que investigar\u00e1 al Grupo, presuntamente involucrado en los Panama Papers por desarrollar una estructura para permitir que miles de empresas e individuos le perdieran el rastro a sus negocios y a sus ganancias y eludieran el pago de tributos. El caso sali\u00f3 a la luz en abril del 2016. (I)<\/p>\n","protected":false},"excerpt":{"rendered":"<p>El presidente de la Rep\u00fablica, Rafael Correa, anunci\u00f3 este viernes que la pr\u00f3xima semana enviar\u00e1 a la Corte Constitucional una<\/p>\n","protected":false},"author":1,"featured_media":12796,"comment_status":"open","ping_status":"open","sticky":false,"template":"","format":"standard","meta":{"footnotes":""},"categories":[3],"tags":[],"_links":{"self":[{"href":"https:\/\/www.ecuadoraldia.com.ec\/index.php?rest_route=\/wp\/v2\/posts\/12795"}],"collection":[{"href":"https:\/\/www.ecuadoraldia.com.ec\/index.php?rest_route=\/wp\/v2\/posts"}],"about":[{"href":"https:\/\/www.ecuadoraldia.com.ec\/index.php?rest_route=\/wp\/v2\/types\/post"}],"author":[{"embeddable":true,"href":"https:\/\/www.ecuadoraldia.com.ec\/index.php?rest_route=\/wp\/v2\/users\/1"}],"replies":[{"embeddable":true,"href":"https:\/\/www.ecuadoraldia.com.ec\/index.php?rest_route=%2Fwp%2Fv2%2Fcomments&post=12795"}],"version-history":[{"count":1,"href":"https:\/\/www.ecuadoraldia.com.ec\/index.php?rest_route=\/wp\/v2\/posts\/12795\/revisions"}],"predecessor-version":[{"id":12797,"href":"https:\/\/www.ecuadoraldia.com.ec\/index.php?rest_route=\/wp\/v2\/posts\/12795\/revisions\/12797"}],"wp:featuredmedia":[{"embeddable":true,"href":"https:\/\/www.ecuadoraldia.com.ec\/index.php?rest_route=\/wp\/v2\/media\/12796"}],"wp:attachment":[{"href":"https:\/\/www.ecuadoraldia.com.ec\/index.php?rest_route=%2Fwp%2Fv2%2Fmedia&parent=12795"}],"wp:term":[{"taxonomy":"category","embeddable":true,"href":"https:\/\/www.ecuadoraldia.com.ec\/index.php?rest_route=%2Fwp%2Fv2%2Fcategories&post=12795"},{"taxonomy":"post_tag","embeddable":true,"href":"https:\/\/www.ecuadoraldia.com.ec\/index.php?rest_route=%2Fwp%2Fv2%2Ftags&post=12795"}],"curies":[{"name":"wp","href":"https:\/\/api.w.org\/{rel}","templated":true}]}}