{"id":12799,"date":"2016-07-11T14:09:01","date_gmt":"2016-07-11T14:09:01","guid":{"rendered":"http:\/\/www.ecuadoraldia.com.ec\/?p=12799"},"modified":"2016-07-11T14:13:23","modified_gmt":"2016-07-11T14:13:23","slug":"alianza-pais-analiza-acciones-legislativas-contra-superintendente-carlos-ochoa","status":"publish","type":"post","link":"https:\/\/www.ecuadoraldia.com.ec\/?p=12799","title":{"rendered":"Alianza PAIS analiza acciones legislativas contra Superintendente Carlos Ochoa"},"content":{"rendered":"<p style=\"text-align: justify;\"><a href=\"http:\/\/www.ecuadoraldia.com.ec\/wp-content\/uploads\/2016\/07\/gina-godoy.jpg\" rel=\"attachment wp-att-12801\"><img loading=\"lazy\" decoding=\"async\" class=\"alignleft size-medium wp-image-12801\" src=\"http:\/\/www.ecuadoraldia.com.ec\/wp-content\/uploads\/2016\/07\/gina-godoy-300x200.jpg\" alt=\"gina godoy\" width=\"300\" height=\"200\" srcset=\"https:\/\/www.ecuadoraldia.com.ec\/wp-content\/uploads\/2016\/07\/gina-godoy-300x200.jpg 300w, https:\/\/www.ecuadoraldia.com.ec\/wp-content\/uploads\/2016\/07\/gina-godoy-768x512.jpg 768w, https:\/\/www.ecuadoraldia.com.ec\/wp-content\/uploads\/2016\/07\/gina-godoy.jpg 1024w\" sizes=\"(max-width: 300px) 100vw, 300px\" \/><\/a>La Comisi\u00f3n de Justicia de la Asamblea \u201cresolver\u00e1 esta semana las acciones que iniciar\u00e1n\u201d en contra del superintendente de Comunicaci\u00f3n (Supercom), Carlos Ochoa, por haber \u201cgenerado un arreglo\u201d en la transitoria sexta de la Ley de Comunicaci\u00f3n, en la impresi\u00f3n de textos de bolsillo, detall\u00f3 la legisladora Gina Godoy, de Alianza PAIS (AP).<\/p>\n<p style=\"text-align: justify;\">La transitoria se\u00f1ala que la gradualidad para la difusi\u00f3n de los contenidos musicales nacionales se cumplir\u00e1 seg\u00fan el \u201cart\u00edculo 102, en el plazo de tres a\u00f1os a partir de la entrada en vigor de esta ley, empezando con el 20% en el primer a\u00f1o, 35% en el segundo y 50% en el tercero\u201d. Pero el correcto es el art\u00edculo 103, sobre la \u201cdifusi\u00f3n de los contenidos musicales\u201d, pues el 102 se refiere al fomento de la producci\u00f3n nacional.<\/p>\n<p style=\"text-align: justify;\">Ochoa reconoci\u00f3 a este Diario que en la impresi\u00f3n de estos textos \u201clo \u00fanico que hizo fue generar un arreglo, en vez de ser el art\u00edculo 102, se puso lo que obviamente constaba, que era el esp\u00edritu de la ley\u201d.<\/p>\n<p style=\"text-align: justify;\">Sobre esta base se sancion\u00f3 a once radios, seg\u00fan reportes de la Supercom, que seg\u00fan Godoy, podr\u00edan ser nulas.<\/p>\n<p style=\"text-align: justify;\">\u201cHubo una modificaci\u00f3n al texto aprobado por la Asamblea, y las modificaciones legislativas solo se pueden hacer v\u00eda legislativa. Al haberse hecho por fuera de los mecanismos que la ley establece, las consecuencias pudieran acarrear la nulidad de lo actuado, a partir de esa modificaci\u00f3n\u201d, opin\u00f3 la legisladora. (I) Fuente el Universo<\/p>\n<p style=\"text-align: justify;\">\n","protected":false},"excerpt":{"rendered":"<p>La Comisi\u00f3n de Justicia de la Asamblea \u201cresolver\u00e1 esta semana las acciones que iniciar\u00e1n\u201d en contra del superintendente de Comunicaci\u00f3n<\/p>\n","protected":false},"author":1,"featured_media":12801,"comment_status":"open","ping_status":"open","sticky":false,"template":"","format":"standard","meta":{"footnotes":""},"categories":[3],"tags":[],"_links":{"self":[{"href":"https:\/\/www.ecuadoraldia.com.ec\/index.php?rest_route=\/wp\/v2\/posts\/12799"}],"collection":[{"href":"https:\/\/www.ecuadoraldia.com.ec\/index.php?rest_route=\/wp\/v2\/posts"}],"about":[{"href":"https:\/\/www.ecuadoraldia.com.ec\/index.php?rest_route=\/wp\/v2\/types\/post"}],"author":[{"embeddable":true,"href":"https:\/\/www.ecuadoraldia.com.ec\/index.php?rest_route=\/wp\/v2\/users\/1"}],"replies":[{"embeddable":true,"href":"https:\/\/www.ecuadoraldia.com.ec\/index.php?rest_route=%2Fwp%2Fv2%2Fcomments&post=12799"}],"version-history":[{"count":3,"href":"https:\/\/www.ecuadoraldia.com.ec\/index.php?rest_route=\/wp\/v2\/posts\/12799\/revisions"}],"predecessor-version":[{"id":12803,"href":"https:\/\/www.ecuadoraldia.com.ec\/index.php?rest_route=\/wp\/v2\/posts\/12799\/revisions\/12803"}],"wp:featuredmedia":[{"embeddable":true,"href":"https:\/\/www.ecuadoraldia.com.ec\/index.php?rest_route=\/wp\/v2\/media\/12801"}],"wp:attachment":[{"href":"https:\/\/www.ecuadoraldia.com.ec\/index.php?rest_route=%2Fwp%2Fv2%2Fmedia&parent=12799"}],"wp:term":[{"taxonomy":"category","embeddable":true,"href":"https:\/\/www.ecuadoraldia.com.ec\/index.php?rest_route=%2Fwp%2Fv2%2Fcategories&post=12799"},{"taxonomy":"post_tag","embeddable":true,"href":"https:\/\/www.ecuadoraldia.com.ec\/index.php?rest_route=%2Fwp%2Fv2%2Ftags&post=12799"}],"curies":[{"name":"wp","href":"https:\/\/api.w.org\/{rel}","templated":true}]}}