{"id":12804,"date":"2016-07-11T14:29:28","date_gmt":"2016-07-11T14:29:28","guid":{"rendered":"http:\/\/www.ecuadoraldia.com.ec\/?p=12804"},"modified":"2016-07-11T14:32:51","modified_gmt":"2016-07-11T14:32:51","slug":"temblores-del-domingo-causaron-nerviosismo-en-esmeraldas-y-manabi","status":"publish","type":"post","link":"https:\/\/www.ecuadoraldia.com.ec\/?p=12804","title":{"rendered":"Nerviosismo en Esmeraldas y Manab\u00ed por sismos"},"content":{"rendered":"<p style=\"text-align: justify;\">Dos pesonas con heridas leves en Atacames, que fueron atendidas en el hospital Huasti de la localidad, 83 evacuados desde la isla, 60 en el albergue de Muisne 3 y 20 en el de Muisne 1; adem\u00e1s de otros 3 en la escuela Dalia Perdomo, inform\u00f3 esta ma\u00f1ana la gobernadora de Esmeraldas, Paola Cabeza.<\/p>\n<p style=\"text-align: justify;\">La funcionaria indic\u00f3 este lunes que de acuerdo a la evaluaci\u00f3n del COE, tras las dos r\u00e9plicas de sismo presentadas la noche del domingo en el sur de la provincia, el 40% de la energ\u00eda el\u00e9ctrica fue afectada.<\/p>\n<p style=\"text-align: justify;\">El equipo de Cenel ya restableci\u00f3 en los sectores afectados, como la parte sur de la provincia, Muisne y varios sectores en Atacames, y los barrios altos, parte c\u00e9ntrica y sur del cant\u00f3n Esmeraldas.<\/p>\n<p style=\"text-align: justify;\">Cabezas, presidenta del COE provincial, se\u00f1al\u00f3 al noticiero de Ecuavisa que tambi\u00e9n hubo un leve derrumbe en la v\u00eda E-15 que conduce a Musine, sur de la provincia, entre S\u00faa y Same, donde personal del Ministerio de Obras P\u00fablicas con maquinarias del GAD habilitaron la carretera.<\/p>\n<p style=\"text-align: justify;\">Anoche el Presidente de la Rep\u00fablica, Rafael Correa en conversaci\u00f3n con el Canal P\u00fablico, inform\u00f3 acerca de las acciones inmediatas que se tomaraon frente a la situaci\u00f3n, entre ellas la suspensi\u00f3n de las actividades educativas en las provincias de Esmeraldas y Manab\u00ed, como medida preventiva.<\/p>\n<p style=\"text-align: justify;\">El mandatario llam\u00f3 a los ciudadanos a mantener la calma y a estar pendiente de la informaci\u00f3n oficial que se difunda a trav\u00e9s de la Secretar\u00eda Nacional de Comunicaci\u00f3n.<\/p>\n<p style=\"text-align: justify;\">La gobernadora confirm\u00f3 la suspensi\u00f3n de clases para Emeraldas y Manab\u00ed. (I)<\/p>\n","protected":false},"excerpt":{"rendered":"<p>Dos pesonas con heridas leves en Atacames, que fueron atendidas en el hospital Huasti de la localidad, 83 evacuados desde<\/p>\n","protected":false},"author":1,"featured_media":0,"comment_status":"open","ping_status":"open","sticky":false,"template":"","format":"standard","meta":{"footnotes":""},"categories":[11],"tags":[],"_links":{"self":[{"href":"https:\/\/www.ecuadoraldia.com.ec\/index.php?rest_route=\/wp\/v2\/posts\/12804"}],"collection":[{"href":"https:\/\/www.ecuadoraldia.com.ec\/index.php?rest_route=\/wp\/v2\/posts"}],"about":[{"href":"https:\/\/www.ecuadoraldia.com.ec\/index.php?rest_route=\/wp\/v2\/types\/post"}],"author":[{"embeddable":true,"href":"https:\/\/www.ecuadoraldia.com.ec\/index.php?rest_route=\/wp\/v2\/users\/1"}],"replies":[{"embeddable":true,"href":"https:\/\/www.ecuadoraldia.com.ec\/index.php?rest_route=%2Fwp%2Fv2%2Fcomments&post=12804"}],"version-history":[{"count":2,"href":"https:\/\/www.ecuadoraldia.com.ec\/index.php?rest_route=\/wp\/v2\/posts\/12804\/revisions"}],"predecessor-version":[{"id":12809,"href":"https:\/\/www.ecuadoraldia.com.ec\/index.php?rest_route=\/wp\/v2\/posts\/12804\/revisions\/12809"}],"wp:attachment":[{"href":"https:\/\/www.ecuadoraldia.com.ec\/index.php?rest_route=%2Fwp%2Fv2%2Fmedia&parent=12804"}],"wp:term":[{"taxonomy":"category","embeddable":true,"href":"https:\/\/www.ecuadoraldia.com.ec\/index.php?rest_route=%2Fwp%2Fv2%2Fcategories&post=12804"},{"taxonomy":"post_tag","embeddable":true,"href":"https:\/\/www.ecuadoraldia.com.ec\/index.php?rest_route=%2Fwp%2Fv2%2Ftags&post=12804"}],"curies":[{"name":"wp","href":"https:\/\/api.w.org\/{rel}","templated":true}]}}