{"id":12806,"date":"2016-07-11T14:31:47","date_gmt":"2016-07-11T14:31:47","guid":{"rendered":"http:\/\/www.ecuadoraldia.com.ec\/?p=12806"},"modified":"2016-07-11T14:31:47","modified_gmt":"2016-07-11T14:31:47","slug":"el-comercio-bilateral-proximo-paso-en-acuerdo-con-la-u-e","status":"publish","type":"post","link":"https:\/\/www.ecuadoraldia.com.ec\/?p=12806","title":{"rendered":"El comercio bilateral, pr\u00f3ximo paso en acuerdo con la U. E"},"content":{"rendered":"<p style=\"text-align: justify;\"><a href=\"http:\/\/www.ecuadoraldia.com.ec\/wp-content\/uploads\/2016\/07\/comercio-ue.jpg\" rel=\"attachment wp-att-12807\"><img loading=\"lazy\" decoding=\"async\" class=\"alignleft size-medium wp-image-12807\" src=\"http:\/\/www.ecuadoraldia.com.ec\/wp-content\/uploads\/2016\/07\/comercio-ue-300x168.jpg\" alt=\"comercio ue\" width=\"300\" height=\"168\" srcset=\"https:\/\/www.ecuadoraldia.com.ec\/wp-content\/uploads\/2016\/07\/comercio-ue-300x168.jpg 300w, https:\/\/www.ecuadoraldia.com.ec\/wp-content\/uploads\/2016\/07\/comercio-ue.jpg 619w\" sizes=\"(max-width: 300px) 100vw, 300px\" \/><\/a>La reuni\u00f3n esta semana del ministro de Comercio Exterior, Juan Carlos Cassinelli, con el nuevo presidente del Consejo de la Uni\u00f3n Europea, Miroslav Lajcc\u00e1k, ministro de Relaciones Exteriores y Asuntos Europeos de Eslovaquia, es una de las acciones con las que esta cartera de Estado espera acelerar los tiempos de ratificaci\u00f3n del acuerdo multipartes.<\/p>\n<p style=\"text-align: justify;\">Ecuador aspira a firmarlo en diciembre, mes en el que vencen las preferencias arancelarias para casi 300 productos ecuatorianos, como at\u00fan, camar\u00f3n, br\u00f3coli, conservas, excepto banano, seg\u00fan datos de la Federaci\u00f3n Ecuatoriana de Exportaciones (Fedexpor).<\/p>\n<p style=\"text-align: justify;\">El ministro prev\u00e9 viajar ma\u00f1ana a Washington, para solicitar a Lajc\u00e1k apoyo para acortar los plazos. La misma gesti\u00f3n hizo antes con la expresidenta del Consejo, que era holandesa y estuvo en funciones hasta junio. \u201cEsto ha venido acompa\u00f1ado de una serie de documentos, compromisos que ten\u00edamos y que hemos ido despejando poco a poco\u201d, dijo Cassinelli el pasado 4 de julio a este Diario.<\/p>\n<p style=\"text-align: justify;\">Por ejemplo, recientemente se entreg\u00f3 en la Secretar\u00eda del Consejo de la Uni\u00f3n Europea un documento sobre el manejo de Derechos Humanos, participaci\u00f3n ciudadana y temas laborales en el Ecuador.<\/p>\n<p style=\"text-align: justify;\">Ahora, mientras se espera la fase de traducciones del acuerdo, que deber\u00edan estar listas hoy, el reto es empezar a resolver temas de comercio bilateral que, seg\u00fan dijo el pasado 28 de junio Peter Schwaiger, jefe de Misi\u00f3n de la UE, ellos consideran no son compatibles con la OMC. Se incluye la denominaci\u00f3n de productos gen\u00e9ricos, farmac\u00e9uticos, reglamentos de los cupos para carros, restricciones para las reaseguradoras e impuestos de bebidas alcoh\u00f3licas, como whisky y vino.<\/p>\n<p style=\"text-align: justify;\">Daniel Legarda, presidente ejecutivo de Fedexpor, considera que la mayor\u00eda de esos temas deben estar resueltos hasta antes de que el Consejo Europeo trate el tema, en septiembre o octubre, y que eso no solo depende del ministro de Comercio Exterior, sino de otros funcionarios, como el ministro de la Pol\u00edtica Econ\u00f3mica, Patricio Rivera, y el director del Instituto de la Propiedad Intelectual, Hern\u00e1n N\u00fa\u00f1ez.<\/p>\n<p style=\"text-align: justify;\">Cassinelli dice que el compromiso del pa\u00eds es buscar qu\u00e9 cosas pueden ceder y resolver y cu\u00e1les no. En el tema de reaseguros, por ejemplo, se trabaja en una propuesta interna que debe tratarse con distintos frentes internos del Gobierno.<\/p>\n<p style=\"text-align: justify;\">En las bebidas alcoh\u00f3licas se est\u00e1 revisando un rango de impuestos y se analiza el cupo de veh\u00edculos, aunque en esta medida \u2013se\u00f1ala Cassinelli\u2013, est\u00e1n \u201ctotalmente amparados por una norma internacional relacionada con la OMC\u201d.<\/p>\n<p style=\"text-align: justify;\">Para el sector exportador tampoco existe un plan B si no se ratifica hasta diciembre el acuerdo. Legarda dice que no es posible sustituir ese mercado al que va casi el 30% de las exportaciones no petroleras y que sin preferencias tendr\u00edan que pagar unos $ 400 millones anuales en aranceles.<\/p>\n<p style=\"text-align: justify;\">\u201cLa terminaci\u00f3n de las preferencias implicar\u00eda un mayor costo del producto ecuatoriano y lo sacar\u00eda de competencia del mercado europeo frente a otros pa\u00edses\u201d, se\u00f1ala Roberto Illingworth, exministro de Comercio Exterior. Y entre esos pa\u00edses est\u00e1n Colombia y Per\u00fa, que ya tienen un acuerdo vigente y que producen productos similares. Colombia desplaz\u00f3 a Ecuador en las exportaciones de banano por el arancel preferencial que tienen ellos.<\/p>\n<p style=\"text-align: justify;\">En ese sentido, Legarda e Illingworth consideran que se perdi\u00f3 tiempo cuando Ecuador abandon\u00f3 en 2009 las negociaciones que manten\u00eda junto a sus vecinos para firmar el acuerdo con la UE. Con Per\u00fa y Colombia entr\u00f3 en vigencia en marzo de 2013 e incluye la excepci\u00f3n del visado por turismo. (I)<\/p>\n","protected":false},"excerpt":{"rendered":"<p>La reuni\u00f3n esta semana del ministro de Comercio Exterior, Juan Carlos Cassinelli, con el nuevo presidente del Consejo de la<\/p>\n","protected":false},"author":1,"featured_media":12807,"comment_status":"open","ping_status":"open","sticky":false,"template":"","format":"standard","meta":{"footnotes":""},"categories":[9],"tags":[],"_links":{"self":[{"href":"https:\/\/www.ecuadoraldia.com.ec\/index.php?rest_route=\/wp\/v2\/posts\/12806"}],"collection":[{"href":"https:\/\/www.ecuadoraldia.com.ec\/index.php?rest_route=\/wp\/v2\/posts"}],"about":[{"href":"https:\/\/www.ecuadoraldia.com.ec\/index.php?rest_route=\/wp\/v2\/types\/post"}],"author":[{"embeddable":true,"href":"https:\/\/www.ecuadoraldia.com.ec\/index.php?rest_route=\/wp\/v2\/users\/1"}],"replies":[{"embeddable":true,"href":"https:\/\/www.ecuadoraldia.com.ec\/index.php?rest_route=%2Fwp%2Fv2%2Fcomments&post=12806"}],"version-history":[{"count":1,"href":"https:\/\/www.ecuadoraldia.com.ec\/index.php?rest_route=\/wp\/v2\/posts\/12806\/revisions"}],"predecessor-version":[{"id":12808,"href":"https:\/\/www.ecuadoraldia.com.ec\/index.php?rest_route=\/wp\/v2\/posts\/12806\/revisions\/12808"}],"wp:featuredmedia":[{"embeddable":true,"href":"https:\/\/www.ecuadoraldia.com.ec\/index.php?rest_route=\/wp\/v2\/media\/12807"}],"wp:attachment":[{"href":"https:\/\/www.ecuadoraldia.com.ec\/index.php?rest_route=%2Fwp%2Fv2%2Fmedia&parent=12806"}],"wp:term":[{"taxonomy":"category","embeddable":true,"href":"https:\/\/www.ecuadoraldia.com.ec\/index.php?rest_route=%2Fwp%2Fv2%2Fcategories&post=12806"},{"taxonomy":"post_tag","embeddable":true,"href":"https:\/\/www.ecuadoraldia.com.ec\/index.php?rest_route=%2Fwp%2Fv2%2Ftags&post=12806"}],"curies":[{"name":"wp","href":"https:\/\/api.w.org\/{rel}","templated":true}]}}