{"id":12810,"date":"2016-07-11T19:44:07","date_gmt":"2016-07-11T19:44:07","guid":{"rendered":"http:\/\/www.ecuadoraldia.com.ec\/?p=12810"},"modified":"2016-07-11T19:51:33","modified_gmt":"2016-07-11T19:51:33","slug":"estado-de-excepcion-para-manabi-y-esmeraldas","status":"publish","type":"post","link":"https:\/\/www.ecuadoraldia.com.ec\/?p=12810","title":{"rendered":"Estado de Excepci\u00f3n para Manab\u00ed y Esmeraldas"},"content":{"rendered":"<p style=\"text-align: justify;\"><a href=\"http:\/\/www.ecuadoraldia.com.ec\/wp-content\/uploads\/2016\/07\/esmeraldas.jpg\" rel=\"attachment wp-att-12811\"><img loading=\"lazy\" decoding=\"async\" class=\"alignleft size-medium wp-image-12811\" src=\"http:\/\/www.ecuadoraldia.com.ec\/wp-content\/uploads\/2016\/07\/esmeraldas-300x164.jpg\" alt=\"esmeraldas\" width=\"300\" height=\"164\" srcset=\"https:\/\/www.ecuadoraldia.com.ec\/wp-content\/uploads\/2016\/07\/esmeraldas-300x164.jpg 300w, https:\/\/www.ecuadoraldia.com.ec\/wp-content\/uploads\/2016\/07\/esmeraldas-768x421.jpg 768w, https:\/\/www.ecuadoraldia.com.ec\/wp-content\/uploads\/2016\/07\/esmeraldas.jpg 1024w\" sizes=\"(max-width: 300px) 100vw, 300px\" \/><\/a>Esmeraldas.- Tras mantener una reuni\u00f3n con su equipo de ministros y autoridades locales de Esmeraldas, el Presidente Rafael Correa, anunci\u00f3 a trav\u00e9s de su cuenta de Twitter, que se declarar\u00e1 un nuevo Estado de Excepci\u00f3n para las provincias de Manab\u00ed y Esmeraldas, hasta que cesen las r\u00e9plicas.<\/p>\n<p style=\"text-align: justify;\">Este anuncio se da luego de las r\u00e9plicas de 5,9 y 6,2 grados, que tuvieron como epicentro a Muisne, en la provincia de Esmeraldas. Hasta el momento no se han registrado da\u00f1os mayores.<\/p>\n<p style=\"text-align: justify;\">En dicha reuni\u00f3n participan la gobernadora de Esmeraldas, Paola Cabezas; el ministro Coordinador de Seguridad, C\u00e9sar Navas; la Secretaria de Gesti\u00f3n de Riesgos, Susana Due\u00f1as; la ministra de Salud, Margarita Guevara; el titular de Educaci\u00f3n, Augusto Espinosa, entre otras autoridades.<\/p>\n<p style=\"text-align: justify;\">En su cuenta de twitter. el Presidente Correa escribi\u00f3. \u00abReuni\u00f3n de trabajo en Esmeraldas.<br \/>\nDeclararemos nuevo estado de excepci\u00f3n solamente para Manab\u00ed y Esmeraldas, hasta que r\u00e9plicas finalicen\u00bb.<\/p>\n<p><iframe loading=\"lazy\" width=\"800\" height=\"600\" src=\"https:\/\/www.youtube.com\/embed\/yz3q0V9cWn8?feature=oembed\" frameborder=\"0\" allowfullscreen><\/iframe><\/p>\n<p style=\"text-align: justify;\">\n","protected":false},"excerpt":{"rendered":"<p>Esmeraldas.- Tras mantener una reuni\u00f3n con su equipo de ministros y autoridades locales de Esmeraldas, el Presidente Rafael Correa, anunci\u00f3<\/p>\n","protected":false},"author":1,"featured_media":12811,"comment_status":"open","ping_status":"open","sticky":false,"template":"","format":"standard","meta":{"footnotes":""},"categories":[11],"tags":[],"_links":{"self":[{"href":"https:\/\/www.ecuadoraldia.com.ec\/index.php?rest_route=\/wp\/v2\/posts\/12810"}],"collection":[{"href":"https:\/\/www.ecuadoraldia.com.ec\/index.php?rest_route=\/wp\/v2\/posts"}],"about":[{"href":"https:\/\/www.ecuadoraldia.com.ec\/index.php?rest_route=\/wp\/v2\/types\/post"}],"author":[{"embeddable":true,"href":"https:\/\/www.ecuadoraldia.com.ec\/index.php?rest_route=\/wp\/v2\/users\/1"}],"replies":[{"embeddable":true,"href":"https:\/\/www.ecuadoraldia.com.ec\/index.php?rest_route=%2Fwp%2Fv2%2Fcomments&post=12810"}],"version-history":[{"count":3,"href":"https:\/\/www.ecuadoraldia.com.ec\/index.php?rest_route=\/wp\/v2\/posts\/12810\/revisions"}],"predecessor-version":[{"id":12818,"href":"https:\/\/www.ecuadoraldia.com.ec\/index.php?rest_route=\/wp\/v2\/posts\/12810\/revisions\/12818"}],"wp:featuredmedia":[{"embeddable":true,"href":"https:\/\/www.ecuadoraldia.com.ec\/index.php?rest_route=\/wp\/v2\/media\/12811"}],"wp:attachment":[{"href":"https:\/\/www.ecuadoraldia.com.ec\/index.php?rest_route=%2Fwp%2Fv2%2Fmedia&parent=12810"}],"wp:term":[{"taxonomy":"category","embeddable":true,"href":"https:\/\/www.ecuadoraldia.com.ec\/index.php?rest_route=%2Fwp%2Fv2%2Fcategories&post=12810"},{"taxonomy":"post_tag","embeddable":true,"href":"https:\/\/www.ecuadoraldia.com.ec\/index.php?rest_route=%2Fwp%2Fv2%2Ftags&post=12810"}],"curies":[{"name":"wp","href":"https:\/\/api.w.org\/{rel}","templated":true}]}}