{"id":12813,"date":"2016-07-11T19:48:34","date_gmt":"2016-07-11T19:48:34","guid":{"rendered":"http:\/\/www.ecuadoraldia.com.ec\/?p=12813"},"modified":"2016-07-11T19:49:09","modified_gmt":"2016-07-11T19:49:09","slug":"ecuador-firmara-el-acuerdo-comercial-con-la-ue-este-ano","status":"publish","type":"post","link":"https:\/\/www.ecuadoraldia.com.ec\/?p=12813","title":{"rendered":"Ecuador firmar\u00e1 este a\u00f1o  acuerdo comercial con la UE\u00bb"},"content":{"rendered":"<p style=\"text-align: justify;\"><a href=\"http:\/\/www.ecuadoraldia.com.ec\/wp-content\/uploads\/2016\/07\/comercio.jpg\" rel=\"attachment wp-att-12814\"><img loading=\"lazy\" decoding=\"async\" class=\"alignleft size-medium wp-image-12814\" src=\"http:\/\/www.ecuadoraldia.com.ec\/wp-content\/uploads\/2016\/07\/comercio-300x142.jpg\" alt=\"comercio\" width=\"300\" height=\"142\" srcset=\"https:\/\/www.ecuadoraldia.com.ec\/wp-content\/uploads\/2016\/07\/comercio-300x142.jpg 300w, https:\/\/www.ecuadoraldia.com.ec\/wp-content\/uploads\/2016\/07\/comercio.jpg 636w\" sizes=\"(max-width: 300px) 100vw, 300px\" \/><\/a>Pese a que el tiempo se acorta, el Gobierno Nacional conf\u00eda que este a\u00f1o se firme el acuerdo comercial multipartes con la Uni\u00f3n Europea (UE). As\u00ed lo mencion\u00f3 este lunes el ministro de Comercio Exterior, Juan Carlos Cassinelli, luego de reunirse con el Comit\u00e9 Empresarial Ecuatoriano (CEE), en Guayaquil, para brindar detalles de los avances del proceso de ratificaci\u00f3n del acuerdo y de la pol\u00edtica comercial que ha implementado el Gobierno. \u201cEcuador firmar\u00e1 el acuerdo comercial con la UE este a\u00f1o.<\/p>\n<p style=\"text-align: justify;\">El tema de la ratificaci\u00f3n (es lo que) me preocupa en cuanto al plazo del Parlamento\u201d, indic\u00f3 Cassinelli, tras enfatizar que si Ecuador no consigue el acuerdo con la UE \u201cperdemos mercado\u201d. Se prev\u00e9 que esta semana ya se tenga un resultado de las traducciones, las cuales se podr\u00e1n en consideraci\u00f3n de los 28 pa\u00edses miembros de la UE, m\u00e1s Ecuador, Colombia y Per\u00fa, luego de eso, se esperar seis semanas para que haya alg\u00fan comentario sobre las traducciones, \u201cno un cambio a los textos\u201d. Una vez se tenga esto listo, el Consejo de la UE asumir\u00e1 el tratamiento del tema.<\/p>\n<p style=\"text-align: justify;\">Cassinelli dijo que el 11 de noviembre deber\u00edan tener listo todo para la firma de ratificaci\u00f3n del acuerdo multipartes con la UE. \u201cLuego de eso necesitamos la ratificaci\u00f3n del Parlamento Europeo y el Parlamento Ecuatoriano, por lo tanto es una fecha que nos viene muy ajustada, y por eso estamos intentando un procedimiento que se tiene que dar en octubre, mejor se de en septiembre, a trav\u00e9s que hemos pedido oficialmente\u201d, explic\u00f3 Cassinelli. Para Richard Mart\u00ednez, presidente del Comit\u00e9 Empresarial Ecuatoriano, la firma del acuerdo comercial con la UE es fundamental para el pa\u00eds.<\/p>\n<p style=\"text-align: justify;\">\u00abLe hemos ratificado al ministro nuestra voluntad y predisposici\u00f3n para apoyar en la consecuci\u00f3n del acuerdo, tan importante\u00bb. Desde ma\u00f1ana hasta el 22 de este mes, el Ministro cumplir\u00e1 una agenda estrat\u00e9gica de inversiones en Estados Unidos, China y Corea del Sur. (I). EL TEL\u00c9GRAFO<\/p>\n","protected":false},"excerpt":{"rendered":"<p>Pese a que el tiempo se acorta, el Gobierno Nacional conf\u00eda que este a\u00f1o se firme el acuerdo comercial multipartes<\/p>\n","protected":false},"author":1,"featured_media":12814,"comment_status":"open","ping_status":"open","sticky":false,"template":"","format":"standard","meta":{"footnotes":""},"categories":[9],"tags":[],"_links":{"self":[{"href":"https:\/\/www.ecuadoraldia.com.ec\/index.php?rest_route=\/wp\/v2\/posts\/12813"}],"collection":[{"href":"https:\/\/www.ecuadoraldia.com.ec\/index.php?rest_route=\/wp\/v2\/posts"}],"about":[{"href":"https:\/\/www.ecuadoraldia.com.ec\/index.php?rest_route=\/wp\/v2\/types\/post"}],"author":[{"embeddable":true,"href":"https:\/\/www.ecuadoraldia.com.ec\/index.php?rest_route=\/wp\/v2\/users\/1"}],"replies":[{"embeddable":true,"href":"https:\/\/www.ecuadoraldia.com.ec\/index.php?rest_route=%2Fwp%2Fv2%2Fcomments&post=12813"}],"version-history":[{"count":2,"href":"https:\/\/www.ecuadoraldia.com.ec\/index.php?rest_route=\/wp\/v2\/posts\/12813\/revisions"}],"predecessor-version":[{"id":12816,"href":"https:\/\/www.ecuadoraldia.com.ec\/index.php?rest_route=\/wp\/v2\/posts\/12813\/revisions\/12816"}],"wp:featuredmedia":[{"embeddable":true,"href":"https:\/\/www.ecuadoraldia.com.ec\/index.php?rest_route=\/wp\/v2\/media\/12814"}],"wp:attachment":[{"href":"https:\/\/www.ecuadoraldia.com.ec\/index.php?rest_route=%2Fwp%2Fv2%2Fmedia&parent=12813"}],"wp:term":[{"taxonomy":"category","embeddable":true,"href":"https:\/\/www.ecuadoraldia.com.ec\/index.php?rest_route=%2Fwp%2Fv2%2Fcategories&post=12813"},{"taxonomy":"post_tag","embeddable":true,"href":"https:\/\/www.ecuadoraldia.com.ec\/index.php?rest_route=%2Fwp%2Fv2%2Ftags&post=12813"}],"curies":[{"name":"wp","href":"https:\/\/api.w.org\/{rel}","templated":true}]}}