{"id":13277,"date":"2016-08-22T14:58:51","date_gmt":"2016-08-22T14:58:51","guid":{"rendered":"http:\/\/www.ecuadoraldia.com.ec\/?p=13277"},"modified":"2016-08-22T14:58:51","modified_gmt":"2016-08-22T14:58:51","slug":"la-une-se-resiste-a-desaparecer","status":"publish","type":"post","link":"https:\/\/www.ecuadoraldia.com.ec\/?p=13277","title":{"rendered":"La UNE se resiste a desaparecer"},"content":{"rendered":"<p style=\"text-align: justify;\"><a href=\"http:\/\/www.ecuadoraldia.com.ec\/wp-content\/uploads\/2016\/08\/une.jpg\" rel=\"attachment wp-att-13278\"><img loading=\"lazy\" decoding=\"async\" class=\"alignleft size-medium wp-image-13278\" src=\"http:\/\/www.ecuadoraldia.com.ec\/wp-content\/uploads\/2016\/08\/une-300x158.jpg\" alt=\"une\" width=\"300\" height=\"158\" srcset=\"https:\/\/www.ecuadoraldia.com.ec\/wp-content\/uploads\/2016\/08\/une-300x158.jpg 300w, https:\/\/www.ecuadoraldia.com.ec\/wp-content\/uploads\/2016\/08\/une-390x205.jpg 390w, https:\/\/www.ecuadoraldia.com.ec\/wp-content\/uploads\/2016\/08\/une.jpg 725w\" sizes=\"(max-width: 300px) 100vw, 300px\" \/><\/a>Hasta el martes la Uni\u00f3n Nacional de Educadores (UNE) podr\u00e1 presentar la apelaci\u00f3n frente a la resoluci\u00f3n de disoluci\u00f3n adoptada por la Subsecretar\u00eda de Educaci\u00f3n del Distrito Metropolitano de Quito, adscrita al Ministerio de Educaci\u00f3n.<\/p>\n<p style=\"text-align: justify;\">El pasado 21 de julio la organizaci\u00f3n fue notificada sobre el inicio del proceso administrativo de disoluci\u00f3n por incumplir las normativas, sobre todo en lo referente a la elecci\u00f3n de la directiva de la entidad y su registro, conforme a su propio estatuto. Sin embargo, el caso de la UNE no es el \u00fanico, pues otras 8 est\u00e1n en el mismo proceso de regulaci\u00f3n de su vida jur\u00eddica.<\/p>\n<p style=\"text-align: justify;\">No obstante, el abogado de la organizaci\u00f3n y exdirigente del desaparecido MPD, Ciro Guzm\u00e1n, manifest\u00f3 que la notificaci\u00f3n no especificaba en qu\u00e9 faltas hab\u00eda incurrido la organizaci\u00f3n, por lo que el 9 de agosto pidieron la nulidad del procedimiento. El grupo se bas\u00f3 en el art\u00edculo 76, numeral 7, literal l, de la Constituci\u00f3n que determina que las \u201cresoluciones de los poderes p\u00fablicos deber\u00e1n ser motivadas\u201d sino ser\u00e1n nulas.<\/p>\n<p style=\"text-align: justify;\">En ese sentido -seg\u00fan Guzm\u00e1n- la Cartera de Estado no contest\u00f3 su pedido hasta el jueves pasado, cuando horas antes le notific\u00f3 de su disoluci\u00f3n. Por ello, ahora solicitar\u00e1 una aclaraci\u00f3n sobre a cu\u00e1l de los dos documentos debe responder.<\/p>\n<p style=\"text-align: justify;\">Por su lado, el Ministerio de Educaci\u00f3n insisti\u00f3, a trav\u00e9s de un comunicado, que \u201cha solicitado hace m\u00e1s de 2 a\u00f1os que la UNE regularice el registro de su directiva\u201d, pero \u201cla informaci\u00f3n presentada en diciembre de 2013 y en agosto de 2016 no ha evidenciado de forma suficiente la aplicaci\u00f3n de los principios democr\u00e1ticos, contemplados en su propio estatuto\u201d.<\/p>\n<p style=\"text-align: justify;\">En consecuencia, la comisi\u00f3n liquidadora designada tiene 90 d\u00edas para presentar un informe de activos y pasivos de la UNE.<\/p>\n","protected":false},"excerpt":{"rendered":"<p>Hasta el martes la Uni\u00f3n Nacional de Educadores (UNE) podr\u00e1 presentar la apelaci\u00f3n frente a la resoluci\u00f3n de disoluci\u00f3n adoptada<\/p>\n","protected":false},"author":1,"featured_media":13278,"comment_status":"open","ping_status":"open","sticky":false,"template":"","format":"standard","meta":{"footnotes":""},"categories":[3],"tags":[],"_links":{"self":[{"href":"https:\/\/www.ecuadoraldia.com.ec\/index.php?rest_route=\/wp\/v2\/posts\/13277"}],"collection":[{"href":"https:\/\/www.ecuadoraldia.com.ec\/index.php?rest_route=\/wp\/v2\/posts"}],"about":[{"href":"https:\/\/www.ecuadoraldia.com.ec\/index.php?rest_route=\/wp\/v2\/types\/post"}],"author":[{"embeddable":true,"href":"https:\/\/www.ecuadoraldia.com.ec\/index.php?rest_route=\/wp\/v2\/users\/1"}],"replies":[{"embeddable":true,"href":"https:\/\/www.ecuadoraldia.com.ec\/index.php?rest_route=%2Fwp%2Fv2%2Fcomments&post=13277"}],"version-history":[{"count":1,"href":"https:\/\/www.ecuadoraldia.com.ec\/index.php?rest_route=\/wp\/v2\/posts\/13277\/revisions"}],"predecessor-version":[{"id":13279,"href":"https:\/\/www.ecuadoraldia.com.ec\/index.php?rest_route=\/wp\/v2\/posts\/13277\/revisions\/13279"}],"wp:featuredmedia":[{"embeddable":true,"href":"https:\/\/www.ecuadoraldia.com.ec\/index.php?rest_route=\/wp\/v2\/media\/13278"}],"wp:attachment":[{"href":"https:\/\/www.ecuadoraldia.com.ec\/index.php?rest_route=%2Fwp%2Fv2%2Fmedia&parent=13277"}],"wp:term":[{"taxonomy":"category","embeddable":true,"href":"https:\/\/www.ecuadoraldia.com.ec\/index.php?rest_route=%2Fwp%2Fv2%2Fcategories&post=13277"},{"taxonomy":"post_tag","embeddable":true,"href":"https:\/\/www.ecuadoraldia.com.ec\/index.php?rest_route=%2Fwp%2Fv2%2Ftags&post=13277"}],"curies":[{"name":"wp","href":"https:\/\/api.w.org\/{rel}","templated":true}]}}