{"id":13282,"date":"2016-08-23T19:42:00","date_gmt":"2016-08-23T19:42:00","guid":{"rendered":"http:\/\/www.ecuadoraldia.com.ec\/?p=13282"},"modified":"2016-08-23T19:42:00","modified_gmt":"2016-08-23T19:42:00","slug":"pleno-inicio-debate-de-ley-de-incentivos-tributarios","status":"publish","type":"post","link":"https:\/\/www.ecuadoraldia.com.ec\/?p=13282","title":{"rendered":"Pleno inici\u00f3 debate de ley de incentivos tributarios"},"content":{"rendered":"<p style=\"text-align: justify;\"><a href=\"http:\/\/www.ecuadoraldia.com.ec\/wp-content\/uploads\/2016\/08\/asamblea_0.jpg\" rel=\"attachment wp-att-13283\"><img loading=\"lazy\" decoding=\"async\" class=\"alignleft size-medium wp-image-13283\" src=\"http:\/\/www.ecuadoraldia.com.ec\/wp-content\/uploads\/2016\/08\/asamblea_0-300x144.jpg\" alt=\"asamblea_0\" width=\"300\" height=\"144\" srcset=\"https:\/\/www.ecuadoraldia.com.ec\/wp-content\/uploads\/2016\/08\/asamblea_0-300x144.jpg 300w, https:\/\/www.ecuadoraldia.com.ec\/wp-content\/uploads\/2016\/08\/asamblea_0.jpg 768w\" sizes=\"(max-width: 300px) 100vw, 300px\" \/><\/a>La Asamblea inici\u00f3 este martes 23 de agosto el primer debate del proyecto de Ley Org\u00e1nica de Incentivos Tributarios para varios sectores productivos, considerado urgente en materia econ\u00f3mica.<\/p>\n<p style=\"text-align: justify;\">El cuerpo legal no tiene fines recaudatorios y cubrir\u00e1 a tres secciones del mercado: medicina prepagada, transporte e importaci\u00f3n. En su intervenci\u00f3n Virgilio Hern\u00e1ndez, presidente de la Comisi\u00f3n de R\u00e9gimen Econ\u00f3mico, explic\u00f3 que la normativa no contempla ning\u00fan impuesto para los ciudadanos ni a las actividades productivas.<\/p>\n<p style=\"text-align: justify;\">Aclar\u00f3 que lo que se busca es incentivar otras opciones para atenci\u00f3n en salud para la poblaci\u00f3n.<\/p>\n<p style=\"text-align: justify;\">Hern\u00e1ndez indic\u00f3 que $63 millones ser\u00eda el impacto del proyecto. A\u00f1adi\u00f3 que en la ley consta la exoneraci\u00f3n del impuesto a la propiedad de veh\u00edculos de servicio p\u00fablico.<\/p>\n<p style=\"text-align: justify;\">Adem\u00e1s, el legislador se\u00f1al\u00f3 que hay deducci\u00f3n tributaria del 100% y 50% a empresas que contraten seguro de medicina prepagada. Del documento enviado por la funci\u00f3n Ejecutiva, la Comisi\u00f3n de R\u00e9gimen Econ\u00f3mico no hizo modificaciones, pero s\u00ed plante\u00f3 varias observaciones en el informe para primer debate.<\/p>\n<p style=\"text-align: justify;\">Hubo cuestionamientos a la iniciativa del gobierno por parte de los legisladores de oposici\u00f3n, como Franco Romero de el Oro, quien reclam\u00f3 por el tema de la seguridad social en su provincia; mientras que Miguel Moretta de Creo, por Santo Domingo de los Ts\u00e1chilas, reclam\u00f3 por los agricultores que no reciben incentivos para la reactivaci\u00f3n del agro(I)<\/p>\n","protected":false},"excerpt":{"rendered":"<p>La Asamblea inici\u00f3 este martes 23 de agosto el primer debate del proyecto de Ley Org\u00e1nica de Incentivos Tributarios para<\/p>\n","protected":false},"author":1,"featured_media":13283,"comment_status":"open","ping_status":"open","sticky":false,"template":"","format":"standard","meta":{"footnotes":""},"categories":[3],"tags":[],"_links":{"self":[{"href":"https:\/\/www.ecuadoraldia.com.ec\/index.php?rest_route=\/wp\/v2\/posts\/13282"}],"collection":[{"href":"https:\/\/www.ecuadoraldia.com.ec\/index.php?rest_route=\/wp\/v2\/posts"}],"about":[{"href":"https:\/\/www.ecuadoraldia.com.ec\/index.php?rest_route=\/wp\/v2\/types\/post"}],"author":[{"embeddable":true,"href":"https:\/\/www.ecuadoraldia.com.ec\/index.php?rest_route=\/wp\/v2\/users\/1"}],"replies":[{"embeddable":true,"href":"https:\/\/www.ecuadoraldia.com.ec\/index.php?rest_route=%2Fwp%2Fv2%2Fcomments&post=13282"}],"version-history":[{"count":1,"href":"https:\/\/www.ecuadoraldia.com.ec\/index.php?rest_route=\/wp\/v2\/posts\/13282\/revisions"}],"predecessor-version":[{"id":13284,"href":"https:\/\/www.ecuadoraldia.com.ec\/index.php?rest_route=\/wp\/v2\/posts\/13282\/revisions\/13284"}],"wp:featuredmedia":[{"embeddable":true,"href":"https:\/\/www.ecuadoraldia.com.ec\/index.php?rest_route=\/wp\/v2\/media\/13283"}],"wp:attachment":[{"href":"https:\/\/www.ecuadoraldia.com.ec\/index.php?rest_route=%2Fwp%2Fv2%2Fmedia&parent=13282"}],"wp:term":[{"taxonomy":"category","embeddable":true,"href":"https:\/\/www.ecuadoraldia.com.ec\/index.php?rest_route=%2Fwp%2Fv2%2Fcategories&post=13282"},{"taxonomy":"post_tag","embeddable":true,"href":"https:\/\/www.ecuadoraldia.com.ec\/index.php?rest_route=%2Fwp%2Fv2%2Ftags&post=13282"}],"curies":[{"name":"wp","href":"https:\/\/api.w.org\/{rel}","templated":true}]}}