{"id":13296,"date":"2016-08-24T18:17:45","date_gmt":"2016-08-24T18:17:45","guid":{"rendered":"http:\/\/www.ecuadoraldia.com.ec\/?p=13296"},"modified":"2016-08-24T18:22:57","modified_gmt":"2016-08-24T18:22:57","slug":"ecuador-e-iran-ampliaran-intercambio-comercial","status":"publish","type":"post","link":"https:\/\/www.ecuadoraldia.com.ec\/?p=13296","title":{"rendered":"Ecuador e Ir\u00e1n ampliar\u00e1n intercambio comercial"},"content":{"rendered":"<p style=\"text-align: justify;\"><a href=\"http:\/\/www.ecuadoraldia.com.ec\/wp-content\/uploads\/2016\/08\/IRAN.jpg\" rel=\"attachment wp-att-13297\"><img loading=\"lazy\" decoding=\"async\" class=\"alignleft size-medium wp-image-13297\" src=\"http:\/\/www.ecuadoraldia.com.ec\/wp-content\/uploads\/2016\/08\/IRAN-300x158.jpg\" alt=\"IRAN\" width=\"300\" height=\"158\" srcset=\"https:\/\/www.ecuadoraldia.com.ec\/wp-content\/uploads\/2016\/08\/IRAN-300x158.jpg 300w, https:\/\/www.ecuadoraldia.com.ec\/wp-content\/uploads\/2016\/08\/IRAN-768x406.jpg 768w, https:\/\/www.ecuadoraldia.com.ec\/wp-content\/uploads\/2016\/08\/IRAN-390x205.jpg 390w, https:\/\/www.ecuadoraldia.com.ec\/wp-content\/uploads\/2016\/08\/IRAN.jpg 795w\" sizes=\"(max-width: 300px) 100vw, 300px\" \/><\/a>Los cancilleres de Ecuador, Guillaume Long, y de Ir\u00e1n, Mohammad Javad Zarif, expresaron este mi\u00e9rcoles la disposici\u00f3n de sus respectivos gobiernos de dar un fuerte impulso a las relaciones comerciales bilaterales, al inaugurar en esta capital el Primer Foro Econ\u00f3mico-Comercial bilateral.<\/p>\n<p style=\"text-align: justify;\">En la sede del Swissotel se reunieron alrededor de un centenar de empresarios ecuatorianos e iran\u00edes de varios sectores, que sesionar\u00e1n durante esta jornada en la exploraci\u00f3n de posibilidades de intercambio, con ocasi\u00f3n de la visita del canciller Javad Zarif como parte de su gira por pa\u00edses de Latinoam\u00e9rica.<\/p>\n<p style=\"text-align: justify;\"><a href=\"http:\/\/www.ecuadoraldia.com.ec\/wp-content\/uploads\/2016\/08\/iran-Long.jpg\" rel=\"attachment wp-att-13299\"><img loading=\"lazy\" decoding=\"async\" class=\"alignleft size-medium wp-image-13299\" src=\"http:\/\/www.ecuadoraldia.com.ec\/wp-content\/uploads\/2016\/08\/iran-Long-300x200.jpg\" alt=\"iran Long\" width=\"300\" height=\"200\" srcset=\"https:\/\/www.ecuadoraldia.com.ec\/wp-content\/uploads\/2016\/08\/iran-Long-300x200.jpg 300w, https:\/\/www.ecuadoraldia.com.ec\/wp-content\/uploads\/2016\/08\/iran-Long.jpg 600w\" sizes=\"(max-width: 300px) 100vw, 300px\" \/><\/a>Al dar la bienvenida a los participantes, el canciller Long dijo que desde el inicio de la Revoluci\u00f3n Ciudadana ha guiado la pol\u00edtica exterior ecuatoriana la diversificaci\u00f3n de las relaciones, el comercio internacional y la Cooperaci\u00f3n Sur-Sur.<\/p>\n<p style=\"text-align: justify;\">Por su parte, el canciller iran\u00ed resalt\u00f3 la importancia de su periplo por esta regi\u00f3n geogr\u00e1fica y dijo que Ir\u00e1n \u201cnunca olvida a los queridos amigos que nos han apoyado en los per\u00edodos dif\u00edciles\u201d.<\/p>\n<p style=\"text-align: justify;\">Adem\u00e1s, calific\u00f3 de excelente el estado de las relaciones pol\u00edticas entre ambos pa\u00edses y resalt\u00f3 la coincidencia con Ecuador en los organismos internacionales como la ONU, el Movimiento de Pa\u00edses No Alineados, y la Organizaci\u00f3n de Pa\u00edses Exportadores de Petr\u00f3leo (OPEP).<\/p>\n","protected":false},"excerpt":{"rendered":"<p>Los cancilleres de Ecuador, Guillaume Long, y de Ir\u00e1n, Mohammad Javad Zarif, expresaron este mi\u00e9rcoles la disposici\u00f3n de sus respectivos<\/p>\n","protected":false},"author":1,"featured_media":13297,"comment_status":"open","ping_status":"open","sticky":false,"template":"","format":"standard","meta":{"footnotes":""},"categories":[11],"tags":[],"_links":{"self":[{"href":"https:\/\/www.ecuadoraldia.com.ec\/index.php?rest_route=\/wp\/v2\/posts\/13296"}],"collection":[{"href":"https:\/\/www.ecuadoraldia.com.ec\/index.php?rest_route=\/wp\/v2\/posts"}],"about":[{"href":"https:\/\/www.ecuadoraldia.com.ec\/index.php?rest_route=\/wp\/v2\/types\/post"}],"author":[{"embeddable":true,"href":"https:\/\/www.ecuadoraldia.com.ec\/index.php?rest_route=\/wp\/v2\/users\/1"}],"replies":[{"embeddable":true,"href":"https:\/\/www.ecuadoraldia.com.ec\/index.php?rest_route=%2Fwp%2Fv2%2Fcomments&post=13296"}],"version-history":[{"count":3,"href":"https:\/\/www.ecuadoraldia.com.ec\/index.php?rest_route=\/wp\/v2\/posts\/13296\/revisions"}],"predecessor-version":[{"id":13301,"href":"https:\/\/www.ecuadoraldia.com.ec\/index.php?rest_route=\/wp\/v2\/posts\/13296\/revisions\/13301"}],"wp:featuredmedia":[{"embeddable":true,"href":"https:\/\/www.ecuadoraldia.com.ec\/index.php?rest_route=\/wp\/v2\/media\/13297"}],"wp:attachment":[{"href":"https:\/\/www.ecuadoraldia.com.ec\/index.php?rest_route=%2Fwp%2Fv2%2Fmedia&parent=13296"}],"wp:term":[{"taxonomy":"category","embeddable":true,"href":"https:\/\/www.ecuadoraldia.com.ec\/index.php?rest_route=%2Fwp%2Fv2%2Fcategories&post=13296"},{"taxonomy":"post_tag","embeddable":true,"href":"https:\/\/www.ecuadoraldia.com.ec\/index.php?rest_route=%2Fwp%2Fv2%2Ftags&post=13296"}],"curies":[{"name":"wp","href":"https:\/\/api.w.org\/{rel}","templated":true}]}}