{"id":13664,"date":"2016-10-23T22:54:15","date_gmt":"2016-10-23T22:54:15","guid":{"rendered":"http:\/\/www.ecuadoraldia.com.ec\/?p=13664"},"modified":"2016-10-23T22:59:14","modified_gmt":"2016-10-23T22:59:14","slug":"parlamento-declara-ruptura-del-orden-constitucional-en-venezuela","status":"publish","type":"post","link":"https:\/\/www.ecuadoraldia.com.ec\/?p=13664","title":{"rendered":"Parlamento declara ruptura del orden constitucional en Venezuela"},"content":{"rendered":"<p style=\"text-align: justify;\"><a href=\"http:\/\/www.ecuadoraldia.com.ec\/wp-content\/uploads\/2016\/10\/tension-venezuela.jpg\" rel=\"attachment wp-att-13668\"><img loading=\"lazy\" decoding=\"async\" class=\"alignleft size-medium wp-image-13668\" src=\"http:\/\/www.ecuadoraldia.com.ec\/wp-content\/uploads\/2016\/10\/tension-venezuela-300x142.jpg\" alt=\"tension-venezuela\" width=\"300\" height=\"142\" srcset=\"https:\/\/www.ecuadoraldia.com.ec\/wp-content\/uploads\/2016\/10\/tension-venezuela-300x142.jpg 300w, https:\/\/www.ecuadoraldia.com.ec\/wp-content\/uploads\/2016\/10\/tension-venezuela-768x362.jpg 768w, https:\/\/www.ecuadoraldia.com.ec\/wp-content\/uploads\/2016\/10\/tension-venezuela-1024x483.jpg 1024w, https:\/\/www.ecuadoraldia.com.ec\/wp-content\/uploads\/2016\/10\/tension-venezuela.jpg 1170w\" sizes=\"(max-width: 300px) 100vw, 300px\" \/><\/a>Caracas, Venezuela. AFP. El Parlamento de Venezuela, de mayor\u00eda opositora, declar\u00f3 este domingo en sesi\u00f3n especial que Venezuela se halla en \u00abruptura del orden constitucional\u00bb, por la suspensi\u00f3n del referendo revocatorio contra el presidente Nicol\u00e1s Maduro.<br \/>\nLa Asamblea Nacional acord\u00f3 \u00abdeclarar la ruptura de orden constitucional y la existencia de un golpe de estado cometido por el r\u00e9gimen de Nicol\u00e1s Maduro\u00bb, por lo que emprender\u00e1 acciones internacionales y de presi\u00f3n popular, subray\u00f3 la resoluci\u00f3n votada en el hemiciclo.<\/p>\n<p>Chavistas irrumpen en la C\u00e1mara durante debate<\/p>\n<p style=\"text-align: justify;\">Decenas de personas identificadas con el chavismo en Venezuela irrumpieron hoy en el Parlamento, cuando los diputados discut\u00edan v\u00edas para una posible destituci\u00f3n de Maduro.<\/p>\n<p>Mientras hablaba el primer vicepresidente del Legislativo, el opositor Enrique M\u00e1rquez, empezaron a ingresar en el sal\u00f3n de sesiones varios hombres y mujeres casi todos vestidos de color rojo, un s\u00edmbolo del chavismo en el pa\u00eds suramericano.<\/p>\n","protected":false},"excerpt":{"rendered":"<p>Caracas, Venezuela. AFP. El Parlamento de Venezuela, de mayor\u00eda opositora, declar\u00f3 este domingo en sesi\u00f3n especial que Venezuela se halla<\/p>\n","protected":false},"author":1,"featured_media":13668,"comment_status":"open","ping_status":"open","sticky":false,"template":"","format":"standard","meta":{"footnotes":""},"categories":[7],"tags":[],"_links":{"self":[{"href":"https:\/\/www.ecuadoraldia.com.ec\/index.php?rest_route=\/wp\/v2\/posts\/13664"}],"collection":[{"href":"https:\/\/www.ecuadoraldia.com.ec\/index.php?rest_route=\/wp\/v2\/posts"}],"about":[{"href":"https:\/\/www.ecuadoraldia.com.ec\/index.php?rest_route=\/wp\/v2\/types\/post"}],"author":[{"embeddable":true,"href":"https:\/\/www.ecuadoraldia.com.ec\/index.php?rest_route=\/wp\/v2\/users\/1"}],"replies":[{"embeddable":true,"href":"https:\/\/www.ecuadoraldia.com.ec\/index.php?rest_route=%2Fwp%2Fv2%2Fcomments&post=13664"}],"version-history":[{"count":3,"href":"https:\/\/www.ecuadoraldia.com.ec\/index.php?rest_route=\/wp\/v2\/posts\/13664\/revisions"}],"predecessor-version":[{"id":13669,"href":"https:\/\/www.ecuadoraldia.com.ec\/index.php?rest_route=\/wp\/v2\/posts\/13664\/revisions\/13669"}],"wp:featuredmedia":[{"embeddable":true,"href":"https:\/\/www.ecuadoraldia.com.ec\/index.php?rest_route=\/wp\/v2\/media\/13668"}],"wp:attachment":[{"href":"https:\/\/www.ecuadoraldia.com.ec\/index.php?rest_route=%2Fwp%2Fv2%2Fmedia&parent=13664"}],"wp:term":[{"taxonomy":"category","embeddable":true,"href":"https:\/\/www.ecuadoraldia.com.ec\/index.php?rest_route=%2Fwp%2Fv2%2Fcategories&post=13664"},{"taxonomy":"post_tag","embeddable":true,"href":"https:\/\/www.ecuadoraldia.com.ec\/index.php?rest_route=%2Fwp%2Fv2%2Ftags&post=13664"}],"curies":[{"name":"wp","href":"https:\/\/api.w.org\/{rel}","templated":true}]}}