{"id":13670,"date":"2016-10-24T20:46:37","date_gmt":"2016-10-24T20:46:37","guid":{"rendered":"http:\/\/www.ecuadoraldia.com.ec\/?p=13670"},"modified":"2016-10-24T20:46:37","modified_gmt":"2016-10-24T20:46:37","slug":"correa-ratifico-su-pedido-de-consulta-popular-sobre-paraisos-fiscales","status":"publish","type":"post","link":"https:\/\/www.ecuadoraldia.com.ec\/?p=13670","title":{"rendered":"Correa ratific\u00f3 su pedido de consulta popular sobre para\u00edsos fiscales"},"content":{"rendered":"<p style=\"text-align: justify;\"><a href=\"http:\/\/www.ecuadoraldia.com.ec\/wp-content\/uploads\/2016\/10\/RAFAEL-CC.jpg\" rel=\"attachment wp-att-13671\"><img loading=\"lazy\" decoding=\"async\" class=\"alignleft size-medium wp-image-13671\" src=\"http:\/\/www.ecuadoraldia.com.ec\/wp-content\/uploads\/2016\/10\/RAFAEL-CC-300x202.jpg\" alt=\"rafael-cc\" width=\"300\" height=\"202\" srcset=\"https:\/\/www.ecuadoraldia.com.ec\/wp-content\/uploads\/2016\/10\/RAFAEL-CC-300x202.jpg 300w, https:\/\/www.ecuadoraldia.com.ec\/wp-content\/uploads\/2016\/10\/RAFAEL-CC.jpg 580w\" sizes=\"(max-width: 300px) 100vw, 300px\" \/><\/a>Quito, 24 oct (Andes).- El mandatario ecuatoriano Rafael Correa acudi\u00f3 este lunes a Corte Constitucional para presentar su argumento en el pedido que realiz\u00f3 a ese organismo sobre la prohibici\u00f3n de que los funcionarios p\u00fablicos tengan dinero en para\u00edsos fiscales.<\/p>\n<p style=\"text-align: justify;\">Entre los argumentos que sustentan el pedido, Correa refiri\u00f3 el ahondamiento de las desigualdades sociales, pues habilita a los que m\u00e1s poseen a mover sus capitales a donde no deben tributar y se convierte en un capital sin rostro.<\/p>\n<p style=\"text-align: justify;\">\u00abSe calcula que solo con lo que se evade de impuesto a la renta de los capitales latinoamericanos que est\u00e1n en para\u00edsos fiscales se podr\u00eda sacar de la pobreza a 32 millones de personas\u00bb, se\u00f1al\u00f3 el Jefe de Estado en una audiencia p\u00fablica.<\/p>\n<p style=\"text-align: justify;\">El tr\u00e1mite se realiz\u00f3 despu\u00e9s de que en julio pasado el Ejecutivo plante\u00f3 a la Corte Constitucional la consulta con la siguiente pregunta: \u00bfEst\u00e1 usted de acuerdo en que, para desempe\u00f1ar una dignidad de elecci\u00f3n popular o para ser servidor p\u00fablico, se establezca como prohibici\u00f3n tener bienes o capitales, de cualquier naturaleza, en para\u00edsos fiscales?<\/p>\n<p style=\"text-align: justify;\">Al respecto, Correa manifest\u00f3 que es necesario que el pueblo decida sobre la relevancia de que ning\u00fan servidor p\u00fablico debe tener bienes en para\u00edsos fiscales para desempe\u00f1ar sus funciones.<\/p>\n<p style=\"text-align: justify;\">Y agreg\u00f3 que la consulta popular no busca evitar que ning\u00fan ciudadano participe de las elecciones de 2017, pues la pregunta tambi\u00e9n establece que los ecuatorianos que posean dinero o bienes en para\u00edsos fiscales podr\u00e1n regresarlos al pa\u00eds en el plazo de un a\u00f1o a partir de la proclamaci\u00f3n de resultados.<\/p>\n<p style=\"text-align: justify;\">Seg\u00fan la Organizaci\u00f3n de Cooperaci\u00f3n y Desarrollo Econ\u00f3mico, los para\u00edsos fiscales ocultan de cinco a siete billones de d\u00f3lares a nivel mundial. En el Ecuador se calcula que, solo en 2014 y 2015, salieron cerca de 3.000 millones de d\u00f3lares a para\u00edsos fiscales, lo que equivale a 35 millones de d\u00f3lares por d\u00eda.<\/p>\n<p style=\"text-align: justify;\">En la regi\u00f3n, el 22% de capitales de Am\u00e9rica Latina se encuentra en empresas offshore y eso da como resultado que cada a\u00f1o se dejen de recaudar 320 mil millones de d\u00f3lares por evasi\u00f3n fiscal, es decir el 6,3% del Producto Interno Bruto Internacional.<\/p>\n<p style=\"text-align: justify;\">De acuerdo a informaci\u00f3n del Servicio de Rentas Internas (SRI) se calcula que existen 3.500 empresas ecuatorianas en para\u00edsos fiscales.<\/p>\n<p style=\"text-align: justify;\">El presidente reconoci\u00f3 que durante su gobierno se han tomado medidas importantes para luchar contra la evasi\u00f3n de impuestos, entre ellas la Ley Reformatoria para la Equidad Tributaria en el Ecuador, La Ley Org\u00e1nica de Incentivos a la Producci\u00f3n, la Ley Org\u00e1nica de Solidaridad, entre otras.<\/p>\n<p style=\"text-align: justify;\">A decir del subsecretario jur\u00eddico de la Presidencia, Vicente Peralta, la pregunta est\u00e1 formulada con un lenguaje neutro y no induce a los ecuatorianos a votar por una u otra opci\u00f3n.<\/p>\n<p style=\"text-align: justify;\">Representantes de diferentes organizaciones sociales tambi\u00e9n acudieron hasta la Corte Constitucional para presentar sus argumentos que respaldan el pedido del mandatario. (i).<\/p>\n","protected":false},"excerpt":{"rendered":"<p>Quito, 24 oct (Andes).- El mandatario ecuatoriano Rafael Correa acudi\u00f3 este lunes a Corte Constitucional para presentar su argumento en<\/p>\n","protected":false},"author":1,"featured_media":13671,"comment_status":"open","ping_status":"open","sticky":false,"template":"","format":"standard","meta":{"footnotes":""},"categories":[3],"tags":[],"_links":{"self":[{"href":"https:\/\/www.ecuadoraldia.com.ec\/index.php?rest_route=\/wp\/v2\/posts\/13670"}],"collection":[{"href":"https:\/\/www.ecuadoraldia.com.ec\/index.php?rest_route=\/wp\/v2\/posts"}],"about":[{"href":"https:\/\/www.ecuadoraldia.com.ec\/index.php?rest_route=\/wp\/v2\/types\/post"}],"author":[{"embeddable":true,"href":"https:\/\/www.ecuadoraldia.com.ec\/index.php?rest_route=\/wp\/v2\/users\/1"}],"replies":[{"embeddable":true,"href":"https:\/\/www.ecuadoraldia.com.ec\/index.php?rest_route=%2Fwp%2Fv2%2Fcomments&post=13670"}],"version-history":[{"count":1,"href":"https:\/\/www.ecuadoraldia.com.ec\/index.php?rest_route=\/wp\/v2\/posts\/13670\/revisions"}],"predecessor-version":[{"id":13672,"href":"https:\/\/www.ecuadoraldia.com.ec\/index.php?rest_route=\/wp\/v2\/posts\/13670\/revisions\/13672"}],"wp:featuredmedia":[{"embeddable":true,"href":"https:\/\/www.ecuadoraldia.com.ec\/index.php?rest_route=\/wp\/v2\/media\/13671"}],"wp:attachment":[{"href":"https:\/\/www.ecuadoraldia.com.ec\/index.php?rest_route=%2Fwp%2Fv2%2Fmedia&parent=13670"}],"wp:term":[{"taxonomy":"category","embeddable":true,"href":"https:\/\/www.ecuadoraldia.com.ec\/index.php?rest_route=%2Fwp%2Fv2%2Fcategories&post=13670"},{"taxonomy":"post_tag","embeddable":true,"href":"https:\/\/www.ecuadoraldia.com.ec\/index.php?rest_route=%2Fwp%2Fv2%2Ftags&post=13670"}],"curies":[{"name":"wp","href":"https:\/\/api.w.org\/{rel}","templated":true}]}}