{"id":13813,"date":"2016-11-11T14:12:37","date_gmt":"2016-11-11T14:12:37","guid":{"rendered":"http:\/\/www.ecuadoraldia.com.ec\/?p=13813"},"modified":"2016-11-11T14:13:14","modified_gmt":"2016-11-11T14:13:14","slug":"ecuador-logro-la-firma-del-acuerdo-comercial-con-la-union-europea","status":"publish","type":"post","link":"https:\/\/www.ecuadoraldia.com.ec\/?p=13813","title":{"rendered":"Ecuador logr\u00f3 la firma del Acuerdo Comercial con la Uni\u00f3n Europea"},"content":{"rendered":"<p style=\"text-align: justify;\"><a href=\"http:\/\/www.ecuadoraldia.com.ec\/wp-content\/uploads\/2016\/11\/ue11nov.jpg\" rel=\"attachment wp-att-13814\"><img loading=\"lazy\" decoding=\"async\" class=\"alignleft size-medium wp-image-13814\" src=\"http:\/\/www.ecuadoraldia.com.ec\/wp-content\/uploads\/2016\/11\/ue11nov-300x158.jpg\" alt=\"ue11nov\" width=\"300\" height=\"158\" srcset=\"https:\/\/www.ecuadoraldia.com.ec\/wp-content\/uploads\/2016\/11\/ue11nov-300x158.jpg 300w, https:\/\/www.ecuadoraldia.com.ec\/wp-content\/uploads\/2016\/11\/ue11nov-390x205.jpg 390w, https:\/\/www.ecuadoraldia.com.ec\/wp-content\/uploads\/2016\/11\/ue11nov.jpg 580w\" sizes=\"(max-width: 300px) 100vw, 300px\" \/><\/a>Quito, 11 nov2016.- Este ser\u00eda el primer acuerdo de alto alcance que firma Ecuador con un pa\u00eds desarrollado, lo que significar\u00eda \u201cun fiel reflejo\u201d de la decisi\u00f3n de la naci\u00f3n sudamericana de integrarse a la econom\u00eda mundial.<\/p>\n<p style=\"text-align: justify;\">El vicepresidente ecuatoriano Jorge Glas, el Ministro de Comercio Exterior Juan Carlos Casinelli, y los representantes de los 28 pa\u00edses que conforman la Uni\u00f3n Europea (UE) firmaron este viernes en Brucelas (B\u00e9lgica) sede del Parlamento de la Uni\u00f3n Europea, el texto del protocolo de adhesi\u00f3n de Ecuador al Acuerdo Comercial Multipartes entre el pa\u00eds andino y ese bloque comercial.<\/p>\n<p style=\"text-align: justify;\">Glas, se mostr\u00f3 contento y satisfecho por el logro alcanzado, tras la firma del acuerdo que convertir\u00eda al pa\u00eds en un socio comercial estrat\u00e9gico para la UE y mejorar\u00e1 las relaciones con Colombia y Per\u00fa.<\/p>\n<p style=\"text-align: justify;\">\u201cEstoy seguro que este acuerdo tambi\u00e9n nos ayudar\u00e1 a fortalecer las relaciones con nuestros socios andinos, apoy\u00e1ndonos en nuestras complementariedades productivas, de infraestructura, estrat\u00e9gicas, para aumentar la producci\u00f3n regional\u201d, manifest\u00f3.<\/p>\n<p style=\"text-align: justify;\">El segundo mandatario destac\u00f3 que el Acuerdo tambi\u00e9n es resultado de la nueva plataforma productiva que ha implementado Ecuador en los \u00faltimos 10 a\u00f1os, con la construcci\u00f3n de infraestructura y desarrollo acad\u00e9mico que convierte al pa\u00eds en un atractivo para las inversiones y para potenciar el desarrollo de la industria nacional.<\/p>\n<p style=\"text-align: justify;\">Los presencia de Colombia y Per\u00fa avalaron la firma del acuerdo, que deber\u00e1 ser ratificado hasta diciembre por el Parlamento Europeo y la Asamblea Nacional de Ecuador.<\/p>\n<p style=\"text-align: justify;\">El presidente del Consejo de Ministros de Comercio Exterior de la UE, Peter Ziga, manifest\u00f3 que la firma del Acuerdo Comercial da lugar a una \u201cdiversificaci\u00f3n del comercio y las inversiones para ambas partes\u201d.<\/p>\n<p style=\"text-align: justify;\">\u201cDespu\u00e9s de a\u00f1os de crecimiento s\u00f3lido y una reversi\u00f3n impresionante de los \u00edndices de pobreza, recientemente Ecuador ha tenido algunas dificultades econ\u00f3micas y estoy convencido que nuestro acuerdo ayudar\u00e1 a Ecuador a consolidar y a seguir construyendo sobre sus logros\u201d, dijo Ziga.<\/p>\n<p style=\"text-align: justify;\">A\u00f1adi\u00f3 que la adhesi\u00f3n de Ecuador al Acuerdo Comercial que existe entre Colombia y Per\u00fa, ayudar\u00e1 a consolidar y mejorar las relaciones regionales entre los tres pa\u00edses y ser\u00e1 un componente importante de las relaciones comerciales entre la Uni\u00f3n Europea y Am\u00e9rica Latina.<\/p>\n<p style=\"text-align: justify;\">La firma realizada este viernes deber\u00e1 posibilitar la aplicaci\u00f3n del protocolo a partir del 1 de enero de 2017, de manera que el comercio entre Ecuador y el bloque de la UE se desarrolle \u201csin perturbaciones\u201d.<\/p>\n<p style=\"text-align: justify;\">La comisaria de Comercio de la UE. \u00a0Cecilia Malmstrom, calific\u00f3 a la firma del documento como un \u201caut\u00e9ntico hito\u201d que mejorar\u00e1 las relaciones comerciales entre las dos naciones.<\/p>\n<p style=\"text-align: justify;\">Para ella, el proceso desarrollado para la firma del acuerdo se trat\u00f3 de una decisi\u00f3n de hondo calado econ\u00f3mico y pol\u00edtico, sobre todo por los v\u00ednculos tradicionales que existen entre Ecuador y la UE.<\/p>\n<p style=\"text-align: justify;\">\u201cLa decisi\u00f3n nos unir\u00e1 a\u00fan m\u00e1s en el futuro, resume lazos hist\u00f3ricos, culturales, econ\u00f3micos y de amistad y se refuerzan con un acuerdo que acercar\u00e1n a\u00fan m\u00e1s nuestras econom\u00edas y a nuestros ciudadanos\u201d, sostuvo.<\/p>\n<p style=\"text-align: justify;\">La suscripci\u00f3n del documento permitir\u00e1 a Ecuador ingresar sus productos a un mercado europeo con m\u00e1s de 500 millones de habitantes con alto poder adquisitivo.<\/p>\n<p style=\"text-align: justify;\">Juan Carlos casinelli, Ministro de Comercio Exterior, inform\u00f3 que con la firma del ecuardo el Ecuador podr\u00e1 acceder con sus productos sin pagar araceles a un mercado de aproximadamente 500 millones de consumidores.<\/p>\n<p style=\"text-align: justify;\">Se estima que hasta el 2020 el Pa\u00eds podr\u00e1 exportar a los mercados de los 28 estados de la Uni\u00f3n Europea 1.400 millones de d\u00f3lares en productos.<\/p>\n","protected":false},"excerpt":{"rendered":"<p>Quito, 11 nov2016.- Este ser\u00eda el primer acuerdo de alto alcance que firma Ecuador con un pa\u00eds desarrollado, lo que<\/p>\n","protected":false},"author":1,"featured_media":13814,"comment_status":"open","ping_status":"open","sticky":false,"template":"","format":"standard","meta":{"footnotes":""},"categories":[1],"tags":[],"_links":{"self":[{"href":"https:\/\/www.ecuadoraldia.com.ec\/index.php?rest_route=\/wp\/v2\/posts\/13813"}],"collection":[{"href":"https:\/\/www.ecuadoraldia.com.ec\/index.php?rest_route=\/wp\/v2\/posts"}],"about":[{"href":"https:\/\/www.ecuadoraldia.com.ec\/index.php?rest_route=\/wp\/v2\/types\/post"}],"author":[{"embeddable":true,"href":"https:\/\/www.ecuadoraldia.com.ec\/index.php?rest_route=\/wp\/v2\/users\/1"}],"replies":[{"embeddable":true,"href":"https:\/\/www.ecuadoraldia.com.ec\/index.php?rest_route=%2Fwp%2Fv2%2Fcomments&post=13813"}],"version-history":[{"count":1,"href":"https:\/\/www.ecuadoraldia.com.ec\/index.php?rest_route=\/wp\/v2\/posts\/13813\/revisions"}],"predecessor-version":[{"id":13815,"href":"https:\/\/www.ecuadoraldia.com.ec\/index.php?rest_route=\/wp\/v2\/posts\/13813\/revisions\/13815"}],"wp:featuredmedia":[{"embeddable":true,"href":"https:\/\/www.ecuadoraldia.com.ec\/index.php?rest_route=\/wp\/v2\/media\/13814"}],"wp:attachment":[{"href":"https:\/\/www.ecuadoraldia.com.ec\/index.php?rest_route=%2Fwp%2Fv2%2Fmedia&parent=13813"}],"wp:term":[{"taxonomy":"category","embeddable":true,"href":"https:\/\/www.ecuadoraldia.com.ec\/index.php?rest_route=%2Fwp%2Fv2%2Fcategories&post=13813"},{"taxonomy":"post_tag","embeddable":true,"href":"https:\/\/www.ecuadoraldia.com.ec\/index.php?rest_route=%2Fwp%2Fv2%2Ftags&post=13813"}],"curies":[{"name":"wp","href":"https:\/\/api.w.org\/{rel}","templated":true}]}}