{"id":13852,"date":"2016-11-16T16:39:17","date_gmt":"2016-11-16T16:39:17","guid":{"rendered":"http:\/\/www.ecuadoraldia.com.ec\/?p=13852"},"modified":"2016-11-16T16:39:17","modified_gmt":"2016-11-16T16:39:17","slug":"cuatro-cardenales-lanzaron-un-desafio-publico-al-papa-francisco","status":"publish","type":"post","link":"https:\/\/www.ecuadoraldia.com.ec\/?p=13852","title":{"rendered":"Cuatro cardenales lanzaron un desaf\u00edo p\u00fablico al papa Francisco"},"content":{"rendered":"<p style=\"text-align: justify;\"><a href=\"http:\/\/www.ecuadoraldia.com.ec\/wp-content\/uploads\/2016\/11\/curas.jpg\" rel=\"attachment wp-att-13853\"><img loading=\"lazy\" decoding=\"async\" class=\"alignleft size-medium wp-image-13853\" src=\"http:\/\/www.ecuadoraldia.com.ec\/wp-content\/uploads\/2016\/11\/curas-300x169.jpg\" alt=\"curas\" width=\"300\" height=\"169\" srcset=\"https:\/\/www.ecuadoraldia.com.ec\/wp-content\/uploads\/2016\/11\/curas-300x169.jpg 300w, https:\/\/www.ecuadoraldia.com.ec\/wp-content\/uploads\/2016\/11\/curas.jpg 600w\" sizes=\"(max-width: 300px) 100vw, 300px\" \/><\/a>Los cardenales Walter Brandm\u00fcller, Raymond Burke, Carlo Caffarra y Joachim Meisner tuvieron un gesto desafiante al hacer publica una carta en la que acusan al papa Francisco de generar \u00abun grave desconcierto en muchos fieles y una gran confusi\u00f3n\u00bb en relaci\u00f3n con cuestiones claves para la vida de la Iglesia.<\/p>\n<p style=\"text-align: justify;\">La misiva con fecha del pasado 19 de septiembre se dio a conocer esta semana en el portal del vaticanista Sandro Magister, por iniciativa de los prelados. Estos consideran que el tratado sobre el amor en la familia, conocido como Amoris Laetitia (La alegr\u00eda del amor) genera interpretaciones contradictorias.<\/p>\n<p style=\"text-align: justify;\">En la carta, los cardenales alemanes Brandm\u00fcller y Meisner, el italiano Cafarra y el estadounidense Burke -el \u00fanico en funciones y ac\u00e9rrimo cr\u00edtico del liderazgo reformista del Papa- pidieron al Sumo Pont\u00edfice \u00abclarificar\u00bb cinco puntos de la exhortaci\u00f3n apost\u00f3lica.<\/p>\n<p style=\"text-align: justify;\">Los cuatro altos prelados indicaron que \u00abel Santo Padre no respondi\u00f3\u00bb, por lo que consideraron la decisi\u00f3n de Francisco \u00abcomo una invitaci\u00f3n a continuar la reflexi\u00f3n y la discusi\u00f3n serena y respetuosamente\u00bb. \u00abEs por eso que informamos de nuestra iniciativa a todo el pueblo de Dios, ofreciendo toda la documentaci\u00f3n\u00bb, aseguraron.<\/p>\n<p style=\"text-align: justify;\">El documento fue elaborado por Francisco luego de dos S\u00ednodos celebrados en 2014 y 2015 sobre \u00abla vocaci\u00f3n y misi\u00f3n de la familia en la Iglesia y en el mundo moderno\u00bb y publicado en marzo de este a\u00f1o. Son foco de la pol\u00e9mica los p\u00e1rrafos del 300 al 305 del cap\u00edtulo ocho de Amoris laetitia, sobre los divorciados cat\u00f3licos.<\/p>\n<p style=\"text-align: justify;\">El tratado de 260 p\u00e1ginas -que propone una mirada renovada de la Iglesia en relaci\u00f3n con desaf\u00edos de la realidad moderna- sugiere que es posible absolver o dar la comuni\u00f3n a una persona que, aunque atado por un v\u00ednculo matrimonial, vive con otra persona como marido y mujer.<\/p>\n<p style=\"text-align: justify;\">Los autores de la misiva dirigida al Papa, que representan a los sectores m\u00e1s conservadores del catolicismo, escribieron al respecto:<\/p>\n<p style=\"text-align: justify;\">\u00abPara muchos -obispos, p\u00e1rrocos, fieles- estos p\u00e1rrafos aluden, o tambi\u00e9n ense\u00f1an expl\u00edcitamente, un cambio en la disciplina de la Iglesia respecto a los divorciados que viven en una nueva uni\u00f3n. Mientras que otros, admitiendo la falta de claridad o tambi\u00e9n la ambig\u00fcedad de los pasajes en cuesti\u00f3n, argumentan, sin embargo, que estas mismas p\u00e1ginas pueden ser le\u00eddas en continuidad con el magisterio precedente y no contienen una modificaci\u00f3n en la pr\u00e1ctica y en la ense\u00f1anza de la Iglesia\u00bb.<\/p>\n<p style=\"text-align: justify;\">No es la primera vez que las ense\u00f1anzas modernizadas del Papa son objeto de controversia. El \u00faltimo 29 de junio, un equipo de 45 te\u00f3logos, fil\u00f3sofos e historiadores cat\u00f3licos cuestionaron tambi\u00e9n el tratado sobre el amor en la familia. En la carta, solicitaron al Colegio Cardenalicio y a los patriarcas de la Iglesia Cat\u00f3lica que \u00abact\u00faen de forma colectiva para responder a los peligros hacia la fe y moral cat\u00f3lica que representa la exhortaci\u00f3n apost\u00f3lica Amoris laetitia\u00bb.<\/p>\n","protected":false},"excerpt":{"rendered":"<p>Los cardenales Walter Brandm\u00fcller, Raymond Burke, Carlo Caffarra y Joachim Meisner tuvieron un gesto desafiante al hacer publica una carta<\/p>\n","protected":false},"author":1,"featured_media":13853,"comment_status":"open","ping_status":"open","sticky":false,"template":"","format":"standard","meta":{"footnotes":""},"categories":[7],"tags":[],"_links":{"self":[{"href":"https:\/\/www.ecuadoraldia.com.ec\/index.php?rest_route=\/wp\/v2\/posts\/13852"}],"collection":[{"href":"https:\/\/www.ecuadoraldia.com.ec\/index.php?rest_route=\/wp\/v2\/posts"}],"about":[{"href":"https:\/\/www.ecuadoraldia.com.ec\/index.php?rest_route=\/wp\/v2\/types\/post"}],"author":[{"embeddable":true,"href":"https:\/\/www.ecuadoraldia.com.ec\/index.php?rest_route=\/wp\/v2\/users\/1"}],"replies":[{"embeddable":true,"href":"https:\/\/www.ecuadoraldia.com.ec\/index.php?rest_route=%2Fwp%2Fv2%2Fcomments&post=13852"}],"version-history":[{"count":1,"href":"https:\/\/www.ecuadoraldia.com.ec\/index.php?rest_route=\/wp\/v2\/posts\/13852\/revisions"}],"predecessor-version":[{"id":13854,"href":"https:\/\/www.ecuadoraldia.com.ec\/index.php?rest_route=\/wp\/v2\/posts\/13852\/revisions\/13854"}],"wp:featuredmedia":[{"embeddable":true,"href":"https:\/\/www.ecuadoraldia.com.ec\/index.php?rest_route=\/wp\/v2\/media\/13853"}],"wp:attachment":[{"href":"https:\/\/www.ecuadoraldia.com.ec\/index.php?rest_route=%2Fwp%2Fv2%2Fmedia&parent=13852"}],"wp:term":[{"taxonomy":"category","embeddable":true,"href":"https:\/\/www.ecuadoraldia.com.ec\/index.php?rest_route=%2Fwp%2Fv2%2Fcategories&post=13852"},{"taxonomy":"post_tag","embeddable":true,"href":"https:\/\/www.ecuadoraldia.com.ec\/index.php?rest_route=%2Fwp%2Fv2%2Ftags&post=13852"}],"curies":[{"name":"wp","href":"https:\/\/api.w.org\/{rel}","templated":true}]}}