{"id":13859,"date":"2016-11-17T18:53:04","date_gmt":"2016-11-17T18:53:04","guid":{"rendered":"http:\/\/www.ecuadoraldia.com.ec\/?p=13859"},"modified":"2016-11-17T18:53:04","modified_gmt":"2016-11-17T18:53:04","slug":"coca-codo-sinclair-prendera-sus-8-turbinas-manana","status":"publish","type":"post","link":"https:\/\/www.ecuadoraldia.com.ec\/?p=13859","title":{"rendered":"Coca Codo Sinclair prender\u00e1 sus 8 turbinas ma\u00f1ana"},"content":{"rendered":"<p style=\"text-align: justify;\"><a href=\"http:\/\/www.ecuadoraldia.com.ec\/wp-content\/uploads\/2016\/11\/cocCODOSIN.jpg\" rel=\"attachment wp-att-13860\"><img loading=\"lazy\" decoding=\"async\" class=\"alignleft size-medium wp-image-13860\" src=\"http:\/\/www.ecuadoraldia.com.ec\/wp-content\/uploads\/2016\/11\/cocCODOSIN-300x141.jpg\" alt=\"coccodosin\" width=\"300\" height=\"141\" srcset=\"https:\/\/www.ecuadoraldia.com.ec\/wp-content\/uploads\/2016\/11\/cocCODOSIN-300x141.jpg 300w, https:\/\/www.ecuadoraldia.com.ec\/wp-content\/uploads\/2016\/11\/cocCODOSIN.jpg 562w\" sizes=\"(max-width: 300px) 100vw, 300px\" \/><\/a>La Central Hidroel\u00e9ctrica Coca Codo Sinclair (CCS) finalmente prender\u00e1 sus ocho turbinas este 18 de noviembre. El acto ser\u00e1 supervisado, desde el ECU-911 en Quito, por el presidente de la Rep\u00fablica, Rafael Correa, con su hom\u00f3logo de la Rep\u00fablica Popular de China, Xi Jinping.<\/p>\n<p style=\"text-align: justify;\">Lo confirm\u00f3 ayer el ministro de Electricidad y Energ\u00eda Renovable (MEER), Esteban Albornoz, durante una rueda de prensa en la cual indic\u00f3, adem\u00e1s, que la hidroel\u00e9ctrica genera el 30% de la energ\u00eda que produce el pa\u00eds.<\/p>\n<p style=\"text-align: justify;\">Coca Codo Sinclair est\u00e1 localizada en los cantones El Chaco y Gonzalo Pizarro, pertenecientes a las provincias de Napo y Sucumb\u00edos, respectivamente. Tiene una capacidad generadora de 1.500 MW. La construcci\u00f3n del proyecto inici\u00f3 en julio de 2010 y se invirtieron $ 2.245 millones, de los cuales el 80% es financiado por China.<\/p>\n<p style=\"text-align: justify;\">Las cuatro primeras turbinas de la hidroel\u00e9ctrica fueron inauguradas el pasado 14 de abril por el vicepresidente de la Rep\u00fablica, Jorge Glas, quien se encarg\u00f3 tambi\u00e9n de incorporar dos turbinas adicionales el pasado 20 de octubre.<\/p>\n<p style=\"text-align: justify;\">Hasta el momento la central CCS genera 800 MW. \u201cCoca Codo Sinclair tiene la capacidad de satisfacer la demanda de todos los hogares ecuatorianos\u201d, asegur\u00f3 el ministro Albornoz, al tiempo de recordar que el apag\u00f3n suscitado en varias ciudades del pa\u00eds, el pasado 20 de octubre, no fue provocado por la incorporaci\u00f3n de las turbinas de Coca Codo.<\/p>\n","protected":false},"excerpt":{"rendered":"<p>La Central Hidroel\u00e9ctrica Coca Codo Sinclair (CCS) finalmente prender\u00e1 sus ocho turbinas este 18 de noviembre. El acto ser\u00e1 supervisado,<\/p>\n","protected":false},"author":1,"featured_media":13860,"comment_status":"open","ping_status":"open","sticky":false,"template":"","format":"standard","meta":{"footnotes":""},"categories":[9],"tags":[],"_links":{"self":[{"href":"https:\/\/www.ecuadoraldia.com.ec\/index.php?rest_route=\/wp\/v2\/posts\/13859"}],"collection":[{"href":"https:\/\/www.ecuadoraldia.com.ec\/index.php?rest_route=\/wp\/v2\/posts"}],"about":[{"href":"https:\/\/www.ecuadoraldia.com.ec\/index.php?rest_route=\/wp\/v2\/types\/post"}],"author":[{"embeddable":true,"href":"https:\/\/www.ecuadoraldia.com.ec\/index.php?rest_route=\/wp\/v2\/users\/1"}],"replies":[{"embeddable":true,"href":"https:\/\/www.ecuadoraldia.com.ec\/index.php?rest_route=%2Fwp%2Fv2%2Fcomments&post=13859"}],"version-history":[{"count":1,"href":"https:\/\/www.ecuadoraldia.com.ec\/index.php?rest_route=\/wp\/v2\/posts\/13859\/revisions"}],"predecessor-version":[{"id":13861,"href":"https:\/\/www.ecuadoraldia.com.ec\/index.php?rest_route=\/wp\/v2\/posts\/13859\/revisions\/13861"}],"wp:featuredmedia":[{"embeddable":true,"href":"https:\/\/www.ecuadoraldia.com.ec\/index.php?rest_route=\/wp\/v2\/media\/13860"}],"wp:attachment":[{"href":"https:\/\/www.ecuadoraldia.com.ec\/index.php?rest_route=%2Fwp%2Fv2%2Fmedia&parent=13859"}],"wp:term":[{"taxonomy":"category","embeddable":true,"href":"https:\/\/www.ecuadoraldia.com.ec\/index.php?rest_route=%2Fwp%2Fv2%2Fcategories&post=13859"},{"taxonomy":"post_tag","embeddable":true,"href":"https:\/\/www.ecuadoraldia.com.ec\/index.php?rest_route=%2Fwp%2Fv2%2Ftags&post=13859"}],"curies":[{"name":"wp","href":"https:\/\/api.w.org\/{rel}","templated":true}]}}