{"id":13890,"date":"2016-11-28T13:53:44","date_gmt":"2016-11-28T13:53:44","guid":{"rendered":"http:\/\/www.ecuadoraldia.com.ec\/?p=13890"},"modified":"2016-11-28T13:53:44","modified_gmt":"2016-11-28T13:53:44","slug":"cuatro-funcionarios-a-la-asamblea-por-los-panama-papers","status":"publish","type":"post","link":"https:\/\/www.ecuadoraldia.com.ec\/?p=13890","title":{"rendered":"Cuatro funcionarios a la Asamblea por los Panam\u00e1 Papers"},"content":{"rendered":"<p style=\"text-align: justify;\"><a href=\"http:\/\/www.ecuadoraldia.com.ec\/wp-content\/uploads\/2016\/11\/comision-fiscalizacion.jpg\" rel=\"attachment wp-att-13891\"><img loading=\"lazy\" decoding=\"async\" class=\"alignleft size-medium wp-image-13891\" src=\"http:\/\/www.ecuadoraldia.com.ec\/wp-content\/uploads\/2016\/11\/comision-fiscalizacion-300x200.jpg\" alt=\"comision-fiscalizacion\" width=\"300\" height=\"200\" srcset=\"https:\/\/www.ecuadoraldia.com.ec\/wp-content\/uploads\/2016\/11\/comision-fiscalizacion-300x200.jpg 300w, https:\/\/www.ecuadoraldia.com.ec\/wp-content\/uploads\/2016\/11\/comision-fiscalizacion-768x512.jpg 768w, https:\/\/www.ecuadoraldia.com.ec\/wp-content\/uploads\/2016\/11\/comision-fiscalizacion.jpg 1024w\" sizes=\"(max-width: 300px) 100vw, 300px\" \/><\/a>Cuatro funcionarios claves en este bullado caso de los para\u00edsos Fiscales deber\u00e1n comparecer a la Comisi\u00f3n de Fiscalizaci\u00f3n.<\/p>\n<p style=\"text-align: justify;\">Desde las 10:00 del mi\u00e9rcoles est\u00e1n llamados a la Comisi\u00f3n de Fiscalizaci\u00f3n de la Asamblea el contralor Carlos P\u00f3lit, el director del Servicio de Rentas Internas (SRI) Leonardo Orlando, el superintendente de Bancos Christian Cruz y el fiscal Galo Chiriboga.<\/p>\n<p style=\"text-align: justify;\">\u00bfEl objetivo? Mar\u00eda Jos\u00e9 Carri\u00f3n, presidenta de la comisi\u00f3n, cit\u00f3 a las autoridades para continuar la investigaci\u00f3n efectuada por la Comisi\u00f3n de Justicia sobre las empresas off shore constituidas por ecuatorianos en para\u00edsos fiscales.<\/p>\n<p style=\"text-align: justify;\">Esa comisi\u00f3n investig\u00f3 por casi cinco meses una filtraci\u00f3n de documentos confidenciales de la firma paname\u00f1a de abogados Mossack Fonseca, efectuada por el Consorcio Internacional de Periodistas. Hubo pedidos de informaci\u00f3n y asistencia de funcionarios p\u00fablicos.<\/p>\n<p style=\"text-align: justify;\">El fiscal Chiriboga tiene toda la documentaci\u00f3n lista para presentarla en la comisi\u00f3n. Su explicaci\u00f3n tomar\u00e1 m\u00e1s de una hora. Se centrar\u00e1 en explicar que por las denuncias de los Papeles de Panam\u00e1 se abrieron 14 casos. Mencionar\u00e1 los expedientes por enriquecimiento il\u00edcito, cohecho, perjurio, delincuencia organizada, lavado de activos y peculado, entre otros.<\/p>\n<p style=\"text-align: justify;\">El exministro de Hidrocarburos Carlos Pareja Yannuzzelli (pr\u00f3fugo) y el exgerente de Petroecuador Alex Bravo (detenido) est\u00e1n involucrados en al menos cuatro de esos presuntos delitos.<\/p>\n<p style=\"text-align: justify;\">Chiriboga indicar\u00e1 tambi\u00e9n que se ha solicitado asistencia penal internacional al menos a cinco pa\u00edses. Solo a Panam\u00e1 se hicieron dos requerimientos que ya recibieron una respuesta.<\/p>\n<p style=\"text-align: justify;\">El funcionario detallar\u00e1 las actividades cumplidas en el organismo para investigar las denuncias de corrupci\u00f3n en la estatal petrolera. Esta es la segunda convocatoria para que los funcionarios ampl\u00eden la informaci\u00f3n. La primera fue suspendida los primeros d\u00edas de noviembre. (I).<\/p>\n","protected":false},"excerpt":{"rendered":"<p>Cuatro funcionarios claves en este bullado caso de los para\u00edsos Fiscales deber\u00e1n comparecer a la Comisi\u00f3n de Fiscalizaci\u00f3n. Desde las<\/p>\n","protected":false},"author":1,"featured_media":13891,"comment_status":"open","ping_status":"open","sticky":false,"template":"","format":"standard","meta":{"footnotes":""},"categories":[3],"tags":[],"_links":{"self":[{"href":"https:\/\/www.ecuadoraldia.com.ec\/index.php?rest_route=\/wp\/v2\/posts\/13890"}],"collection":[{"href":"https:\/\/www.ecuadoraldia.com.ec\/index.php?rest_route=\/wp\/v2\/posts"}],"about":[{"href":"https:\/\/www.ecuadoraldia.com.ec\/index.php?rest_route=\/wp\/v2\/types\/post"}],"author":[{"embeddable":true,"href":"https:\/\/www.ecuadoraldia.com.ec\/index.php?rest_route=\/wp\/v2\/users\/1"}],"replies":[{"embeddable":true,"href":"https:\/\/www.ecuadoraldia.com.ec\/index.php?rest_route=%2Fwp%2Fv2%2Fcomments&post=13890"}],"version-history":[{"count":1,"href":"https:\/\/www.ecuadoraldia.com.ec\/index.php?rest_route=\/wp\/v2\/posts\/13890\/revisions"}],"predecessor-version":[{"id":13892,"href":"https:\/\/www.ecuadoraldia.com.ec\/index.php?rest_route=\/wp\/v2\/posts\/13890\/revisions\/13892"}],"wp:featuredmedia":[{"embeddable":true,"href":"https:\/\/www.ecuadoraldia.com.ec\/index.php?rest_route=\/wp\/v2\/media\/13891"}],"wp:attachment":[{"href":"https:\/\/www.ecuadoraldia.com.ec\/index.php?rest_route=%2Fwp%2Fv2%2Fmedia&parent=13890"}],"wp:term":[{"taxonomy":"category","embeddable":true,"href":"https:\/\/www.ecuadoraldia.com.ec\/index.php?rest_route=%2Fwp%2Fv2%2Fcategories&post=13890"},{"taxonomy":"post_tag","embeddable":true,"href":"https:\/\/www.ecuadoraldia.com.ec\/index.php?rest_route=%2Fwp%2Fv2%2Ftags&post=13890"}],"curies":[{"name":"wp","href":"https:\/\/api.w.org\/{rel}","templated":true}]}}