{"id":13894,"date":"2016-11-29T14:02:40","date_gmt":"2016-11-29T14:02:40","guid":{"rendered":"http:\/\/www.ecuadoraldia.com.ec\/?p=13894"},"modified":"2016-11-29T14:09:07","modified_gmt":"2016-11-29T14:09:07","slug":"tragedia-aerea-en-colombia-enluta-futbol-brasilen","status":"publish","type":"post","link":"https:\/\/www.ecuadoraldia.com.ec\/?p=13894","title":{"rendered":"Tragedia a\u00e9rea en Colombia enluta al f\u00fatbol brasile\u00f1o"},"content":{"rendered":"<p style=\"text-align: justify;\"><a href=\"http:\/\/www.ecuadoraldia.com.ec\/wp-content\/uploads\/2016\/11\/luto-en-el-futbol-2016.jpg\" rel=\"attachment wp-att-13895\"><img loading=\"lazy\" decoding=\"async\" class=\"alignleft size-medium wp-image-13895\" src=\"http:\/\/www.ecuadoraldia.com.ec\/wp-content\/uploads\/2016\/11\/luto-en-el-futbol-2016-300x160.jpg\" alt=\"luto-en-el-futbol-2016\" width=\"300\" height=\"160\" srcset=\"https:\/\/www.ecuadoraldia.com.ec\/wp-content\/uploads\/2016\/11\/luto-en-el-futbol-2016-300x160.jpg 300w, https:\/\/www.ecuadoraldia.com.ec\/wp-content\/uploads\/2016\/11\/luto-en-el-futbol-2016-768x411.jpg 768w, https:\/\/www.ecuadoraldia.com.ec\/wp-content\/uploads\/2016\/11\/luto-en-el-futbol-2016.jpg 999w\" sizes=\"(max-width: 300px) 100vw, 300px\" \/><\/a>Medell\u00edn, EFE- La Polic\u00eda colombiana confirm\u00f3 que 76 personas murieron y otras seis sobrevivieron en el accidente a\u00e9reo ocurrido anoche en las cercan\u00edas de la ciudad de Medell\u00edn, donde cay\u00f3 un avi\u00f3n en el que viajaban los integrantes del club de f\u00fatbol brasile\u00f1o Chapecoense.<\/p>\n<p>\u00abSon entre 75 y 76 personas fallecidas\u00bb, dijo a periodistas el comandante de la Polic\u00eda del departamento de Antioquia, coronel Jos\u00e9 Gerardo Acevedo, quien agreg\u00f3 que los socorristas rescataron a seis supervivientes, uno de los cuales falleci\u00f3 poco despu\u00e9s.<br \/>\nEsos datos confirman que son 76 las v\u00edctimas mortales, pues en total viajaban 81 personas en el avi\u00f3n.<\/p>\n<p>Seg\u00fan el jefe policial, \u00abinicialmente se rescataron seis personas con vida\u00bb, pero una de ellas falleci\u00f3 cuando recib\u00eda atenci\u00f3n m\u00e9dica.<\/p>\n<p>\u00abNo se encontraron m\u00e1s personas con signos vitales\u00bb, detall\u00f3 Acevedo, quien a\u00f1adi\u00f3: \u00abahora a esperar luz del d\u00eda para hacer la extracci\u00f3n de los cuerpos\u00bb.<\/p>\n<p><a href=\"http:\/\/www.ecuadoraldia.com.ec\/wp-content\/uploads\/2016\/11\/avion-boliviano.jpg\" rel=\"attachment wp-att-13897\"><img loading=\"lazy\" decoding=\"async\" class=\"alignleft size-medium wp-image-13897\" src=\"http:\/\/www.ecuadoraldia.com.ec\/wp-content\/uploads\/2016\/11\/avion-boliviano-300x174.jpg\" alt=\"avion-boliviano\" width=\"300\" height=\"174\" srcset=\"https:\/\/www.ecuadoraldia.com.ec\/wp-content\/uploads\/2016\/11\/avion-boliviano-300x174.jpg 300w, https:\/\/www.ecuadoraldia.com.ec\/wp-content\/uploads\/2016\/11\/avion-boliviano-768x444.jpg 768w, https:\/\/www.ecuadoraldia.com.ec\/wp-content\/uploads\/2016\/11\/avion-boliviano-1024x592.jpg 1024w, https:\/\/www.ecuadoraldia.com.ec\/wp-content\/uploads\/2016\/11\/avion-boliviano.jpg 1200w\" sizes=\"(max-width: 300px) 100vw, 300px\" \/><\/a>El avi\u00f3n siniestrado, un Avro Regional Jet 85 (RJ85) de la compa\u00f1\u00eda boliviana Lamia, transportaba a la delegaci\u00f3n del Chapecoense que se dirig\u00eda a Medell\u00edn para disputar ma\u00f1ana el partido de ida de la final de la Copa Sudamericana con el Atl\u00e9tico Nacional.<\/p>\n<p>El accidente se produjo en las inmediaciones del cerro El Gordo, en la jurisdicci\u00f3n del municipio de La Uni\u00f3n, en el departamento de Antioquia (noroeste), cercano al aeropuerto Jos\u00e9 Mar\u00eda C\u00f3rdova de Medell\u00edn, situado en el vecino municipio de Rionegro.<\/p>\n<p>Seg\u00fan la Aeron\u00e1utica Civil de Colombia (Aerocivil), adem\u00e1s de los 22 jugadores del Chapecoense, en el avi\u00f3n viajaban 28 dirigentes, miembros del cuerpo t\u00e9cnico e invitados especiales del club brasile\u00f1o, as\u00ed como 22 periodistas y nueve tripulantes.<\/p>\n<p>\u00abEs una tragedia que enluta al mundo, una tragedia con tantas personas fallecidas es lamentable\u00bb, agreg\u00f3 el jefe policial.<\/p>\n<p><a href=\"http:\/\/www.ecuadoraldia.com.ec\/wp-content\/uploads\/2016\/11\/el-equipo.jpg\" rel=\"attachment wp-att-13899\"><img loading=\"lazy\" decoding=\"async\" class=\"alignleft size-medium wp-image-13899\" src=\"http:\/\/www.ecuadoraldia.com.ec\/wp-content\/uploads\/2016\/11\/el-equipo-300x200.jpg\" alt=\"el-equipo\" width=\"300\" height=\"200\" srcset=\"https:\/\/www.ecuadoraldia.com.ec\/wp-content\/uploads\/2016\/11\/el-equipo-300x200.jpg 300w, https:\/\/www.ecuadoraldia.com.ec\/wp-content\/uploads\/2016\/11\/el-equipo-768x511.jpg 768w, https:\/\/www.ecuadoraldia.com.ec\/wp-content\/uploads\/2016\/11\/el-equipo.jpg 800w\" sizes=\"(max-width: 300px) 100vw, 300px\" \/><\/a>La delegaci\u00f3n hab\u00eda partido el lunes de Sao Paulo hacia la ciudad boliviana de Santa Cruz de la Sierra donde abordaron el avi\u00f3n de Lamia que nunca lleg\u00f3 a su destino por causas que todav\u00eda se desconocen.<\/p>\n<p style=\"text-align: justify;\">Jugadores del Barcelona guardan un minuto de silencio<\/p>\n<p>Los futbolistas del FC Barcelona guardaron un minuto de silencio por las v\u00edctimas de la tragedia del Chapecoense brasile\u00f1o, a causa de un accidente a\u00e9reo ocurrido en las cercan\u00edas a la ciudad colombiana de Medell\u00edn.<br \/>\nLos jugadores del Barcelona se reunieron en c\u00edrculo justo antes del inicio del entrenamiento, en la v\u00edspera del estreno del equipo de Luis Enrique en la Copa del Rey ante el H\u00e9rcules de Alicante.<\/p>\n<p style=\"text-align: justify;\">Directiva de Chapecoense: \u00abEl sue\u00f1o acab\u00f3\u00bb<\/p>\n<p style=\"text-align: justify;\">\u00abEl sue\u00f1o acab\u00f3 esta madrugada\u00bb, lament\u00f3 el presidente del Consejo Deliberativo del Chapecoense, Plinio Davis de Nes Filho, refiri\u00e9ndose al accidente a\u00e9reo sufrido por el club brasile\u00f1o cuando viajaba a Medell\u00edn para jugar el partido de ida de la final de la Copa Sudamericana.<\/p>\n<p>\u00abExisten amigos de toda una vida que estaban en ese vuelo. Nos parece muy dif\u00edcil que hayan sobrevivido. No era apenas un grupo de respeto mutuo, era un grupo familiar\u00bb, se\u00f1al\u00f3 el directivo a la cadena Globo.<\/p>\n<p>\u00abViv\u00edamos en armon\u00eda y alegr\u00eda muy grandes. Antes de embarcar, ellos dec\u00edan que iban en busca de volver ese sue\u00f1o realidad. Y el sue\u00f1o acab\u00f3 esta madrugada\u00bb, lament\u00f3. (I) EFE.<\/p>\n","protected":false},"excerpt":{"rendered":"<p>Medell\u00edn, EFE- La Polic\u00eda colombiana confirm\u00f3 que 76 personas murieron y otras seis sobrevivieron en el accidente a\u00e9reo ocurrido anoche<\/p>\n","protected":false},"author":1,"featured_media":13895,"comment_status":"open","ping_status":"open","sticky":false,"template":"","format":"standard","meta":{"footnotes":""},"categories":[1],"tags":[],"_links":{"self":[{"href":"https:\/\/www.ecuadoraldia.com.ec\/index.php?rest_route=\/wp\/v2\/posts\/13894"}],"collection":[{"href":"https:\/\/www.ecuadoraldia.com.ec\/index.php?rest_route=\/wp\/v2\/posts"}],"about":[{"href":"https:\/\/www.ecuadoraldia.com.ec\/index.php?rest_route=\/wp\/v2\/types\/post"}],"author":[{"embeddable":true,"href":"https:\/\/www.ecuadoraldia.com.ec\/index.php?rest_route=\/wp\/v2\/users\/1"}],"replies":[{"embeddable":true,"href":"https:\/\/www.ecuadoraldia.com.ec\/index.php?rest_route=%2Fwp%2Fv2%2Fcomments&post=13894"}],"version-history":[{"count":4,"href":"https:\/\/www.ecuadoraldia.com.ec\/index.php?rest_route=\/wp\/v2\/posts\/13894\/revisions"}],"predecessor-version":[{"id":13901,"href":"https:\/\/www.ecuadoraldia.com.ec\/index.php?rest_route=\/wp\/v2\/posts\/13894\/revisions\/13901"}],"wp:featuredmedia":[{"embeddable":true,"href":"https:\/\/www.ecuadoraldia.com.ec\/index.php?rest_route=\/wp\/v2\/media\/13895"}],"wp:attachment":[{"href":"https:\/\/www.ecuadoraldia.com.ec\/index.php?rest_route=%2Fwp%2Fv2%2Fmedia&parent=13894"}],"wp:term":[{"taxonomy":"category","embeddable":true,"href":"https:\/\/www.ecuadoraldia.com.ec\/index.php?rest_route=%2Fwp%2Fv2%2Fcategories&post=13894"},{"taxonomy":"post_tag","embeddable":true,"href":"https:\/\/www.ecuadoraldia.com.ec\/index.php?rest_route=%2Fwp%2Fv2%2Ftags&post=13894"}],"curies":[{"name":"wp","href":"https:\/\/api.w.org\/{rel}","templated":true}]}}