{"id":13902,"date":"2016-11-30T20:54:06","date_gmt":"2016-11-30T20:54:06","guid":{"rendered":"http:\/\/www.ecuadoraldia.com.ec\/?p=13902"},"modified":"2016-11-30T21:04:34","modified_gmt":"2016-11-30T21:04:34","slug":"presidente-rafael-correa-hace-cambios-en-el-gabinete","status":"publish","type":"post","link":"https:\/\/www.ecuadoraldia.com.ec\/?p=13902","title":{"rendered":"Presidente  Correa hace cambios en el Gabinete"},"content":{"rendered":"<p style=\"text-align: justify;\"><a href=\"http:\/\/www.ecuadoraldia.com.ec\/wp-content\/uploads\/2016\/11\/gbinete.jpg\" rel=\"attachment wp-att-13909\"><img loading=\"lazy\" decoding=\"async\" class=\"alignleft size-medium wp-image-13909\" src=\"http:\/\/www.ecuadoraldia.com.ec\/wp-content\/uploads\/2016\/11\/gbinete-300x88.jpg\" alt=\"gbinete\" width=\"300\" height=\"88\" srcset=\"https:\/\/www.ecuadoraldia.com.ec\/wp-content\/uploads\/2016\/11\/gbinete-300x88.jpg 300w, https:\/\/www.ecuadoraldia.com.ec\/wp-content\/uploads\/2016\/11\/gbinete-768x226.jpg 768w, https:\/\/www.ecuadoraldia.com.ec\/wp-content\/uploads\/2016\/11\/gbinete.jpg 800w\" sizes=\"(max-width: 300px) 100vw, 300px\" \/><\/a>El presidente de la Rep\u00fablica, Rafael Correa, coment\u00f3 este mi\u00e9rcoles sobre el pedido de renuncia que extendi\u00f3 a todos los miembros de su gabinete.<\/p>\n<p style=\"text-align: justify;\">El Mandatario particip\u00f3 esta ma\u00f1ana, en Quito, en una reuni\u00f3n de la Directiva Nacional a Alianza PAIS.<\/p>\n<p style=\"text-align: justify;\">En ese marco confirm\u00f3 que solict\u00f3 la renuncia de sus secretarios de Estado. \u00abTenemos evaluaciones constantes, en este \u00faltimo tramo del gobierno, hasta mayo de 2017, creemos que debemos hacer algunas revisiones\u00bb, explic\u00f3 el Jefe de Estado.<\/p>\n<p style=\"text-align: justify;\">Pero adem\u00e1s adelant\u00f3 que \u00abexisten muchos ministros que son l\u00edderes de movimientos, que son especialistas en campa\u00f1a y queremos mandarlos de tiempo completo a la campa\u00f1a\u00bb. \u00abVamos a evaluar cartera por catera, vamos a ver qui\u00e9n es m\u00e1s \u00fatil en campa\u00f1a, hay muchos factores que evaluar\u00bb, agreg\u00f3 Correa.<\/p>\n<p style=\"text-align: justify;\">Es conocido, adem\u00e1s que en esta \u00e8poca (diciembre) los ministros ponen a disposici\u00f3n del Jefe de Estado sus cargos, para que decida si contin\u00faan o no en funciones. (I)<\/p>\n","protected":false},"excerpt":{"rendered":"<p>El presidente de la Rep\u00fablica, Rafael Correa, coment\u00f3 este mi\u00e9rcoles sobre el pedido de renuncia que extendi\u00f3 a todos los<\/p>\n","protected":false},"author":1,"featured_media":13909,"comment_status":"open","ping_status":"open","sticky":false,"template":"","format":"standard","meta":{"footnotes":""},"categories":[3],"tags":[],"_links":{"self":[{"href":"https:\/\/www.ecuadoraldia.com.ec\/index.php?rest_route=\/wp\/v2\/posts\/13902"}],"collection":[{"href":"https:\/\/www.ecuadoraldia.com.ec\/index.php?rest_route=\/wp\/v2\/posts"}],"about":[{"href":"https:\/\/www.ecuadoraldia.com.ec\/index.php?rest_route=\/wp\/v2\/types\/post"}],"author":[{"embeddable":true,"href":"https:\/\/www.ecuadoraldia.com.ec\/index.php?rest_route=\/wp\/v2\/users\/1"}],"replies":[{"embeddable":true,"href":"https:\/\/www.ecuadoraldia.com.ec\/index.php?rest_route=%2Fwp%2Fv2%2Fcomments&post=13902"}],"version-history":[{"count":5,"href":"https:\/\/www.ecuadoraldia.com.ec\/index.php?rest_route=\/wp\/v2\/posts\/13902\/revisions"}],"predecessor-version":[{"id":13910,"href":"https:\/\/www.ecuadoraldia.com.ec\/index.php?rest_route=\/wp\/v2\/posts\/13902\/revisions\/13910"}],"wp:featuredmedia":[{"embeddable":true,"href":"https:\/\/www.ecuadoraldia.com.ec\/index.php?rest_route=\/wp\/v2\/media\/13909"}],"wp:attachment":[{"href":"https:\/\/www.ecuadoraldia.com.ec\/index.php?rest_route=%2Fwp%2Fv2%2Fmedia&parent=13902"}],"wp:term":[{"taxonomy":"category","embeddable":true,"href":"https:\/\/www.ecuadoraldia.com.ec\/index.php?rest_route=%2Fwp%2Fv2%2Fcategories&post=13902"},{"taxonomy":"post_tag","embeddable":true,"href":"https:\/\/www.ecuadoraldia.com.ec\/index.php?rest_route=%2Fwp%2Fv2%2Ftags&post=13902"}],"curies":[{"name":"wp","href":"https:\/\/api.w.org\/{rel}","templated":true}]}}