{"id":13917,"date":"2016-12-01T13:33:25","date_gmt":"2016-12-01T13:33:25","guid":{"rendered":"http:\/\/www.ecuadoraldia.com.ec\/?p=13917"},"modified":"2016-12-01T13:33:55","modified_gmt":"2016-12-01T13:33:55","slug":"assange-reclama-libertad-tras-fallo-de-la-onu","status":"publish","type":"post","link":"https:\/\/www.ecuadoraldia.com.ec\/?p=13917","title":{"rendered":"Assange reclama su libertad tras fallo de la ONU"},"content":{"rendered":"<p style=\"text-align: justify;\"><a href=\"http:\/\/www.ecuadoraldia.com.ec\/wp-content\/uploads\/2016\/12\/julian.jpg\" rel=\"attachment wp-att-13918\"><img loading=\"lazy\" decoding=\"async\" class=\"alignleft size-medium wp-image-13918\" src=\"http:\/\/www.ecuadoraldia.com.ec\/wp-content\/uploads\/2016\/12\/julian-300x142.jpg\" alt=\"julian\" width=\"300\" height=\"142\" srcset=\"https:\/\/www.ecuadoraldia.com.ec\/wp-content\/uploads\/2016\/12\/julian-300x142.jpg 300w, https:\/\/www.ecuadoraldia.com.ec\/wp-content\/uploads\/2016\/12\/julian-768x362.jpg 768w, https:\/\/www.ecuadoraldia.com.ec\/wp-content\/uploads\/2016\/12\/julian-1024x483.jpg 1024w, https:\/\/www.ecuadoraldia.com.ec\/wp-content\/uploads\/2016\/12\/julian.jpg 1170w\" sizes=\"(max-width: 300px) 100vw, 300px\" \/><\/a>Londres. Agencia AFP. El fundador de Wikileaks, Julian Assange, reclam\u00f3 este jueves 1 de diciemb re de 2016 al Reino Unido y Suecia que lo dejen salir de la embajada ecuatoriana despu\u00e9s de que la Organizaci\u00f3n de las Naciones Unidas rechazara una apelaci\u00f3n brit\u00e1nica y ratificara un fallo a su favor.<\/p>\n<p style=\"text-align: justify;\">\u00abAhora que se agotaron todas la posibilidades de apelaci\u00f3n, espero que el Reino Unido y Suecia cumplan con sus obligaciones internacionales y me liberen\u00bb, dijo el australiano en un comunicado.<br \/>\n\u00abEs una obvia y gran injusticia detener durante 6 a\u00f1os a alguien que no ha sido inculpado\u00bb, asegur\u00f3. Assange reaccion\u00f3 de este modo al rechazo de un recurso del Reino Unido contra un veredicto del grupo de trabajo de la ONU sobre detenciones arbitrarias. Tal veredicto establec\u00eda que Assange hab\u00eda sido arrestado de forma arbitraria.<br \/>\nSin embargo, Londres argumenta que fue el fundador del portal Wikileaks el que se detuvo al refugiarse en junio de 2012 en la embajada de Ecuador en Londres para evitar su extradici\u00f3n a Suecia, donde ten\u00eda que responder a unas denuncias de abusos sexuales y violaci\u00f3n que datan de 2010, ya no puede ser acusado de una parte de los posibles delitos porque expiraron.<br \/>\nEl gobierno brit\u00e1nico expres\u00f3 este jueves su decepci\u00f3n por el rechazo de su apelaci\u00f3n. \u00abJulian Assange no est\u00e1, y nunca lo estuvo, arbitrariamente detenido en el Reino Unido\u00bb, afirm\u00f3 el secretario de Estado brit\u00e1nico para Europa y las Am\u00e9ricas. \u00abRechazamos integralmente la opini\u00f3n del grupo de trabajo de la ONU y estamos muy decepcionados porque no revisen este veredicto lleno de errores\u00bb, a\u00f1adi\u00f3. (I)<\/p>\n","protected":false},"excerpt":{"rendered":"<p>Londres. Agencia AFP. El fundador de Wikileaks, Julian Assange, reclam\u00f3 este jueves 1 de diciemb re de 2016 al Reino<\/p>\n","protected":false},"author":1,"featured_media":13918,"comment_status":"open","ping_status":"open","sticky":false,"template":"","format":"standard","meta":{"footnotes":""},"categories":[1],"tags":[],"_links":{"self":[{"href":"https:\/\/www.ecuadoraldia.com.ec\/index.php?rest_route=\/wp\/v2\/posts\/13917"}],"collection":[{"href":"https:\/\/www.ecuadoraldia.com.ec\/index.php?rest_route=\/wp\/v2\/posts"}],"about":[{"href":"https:\/\/www.ecuadoraldia.com.ec\/index.php?rest_route=\/wp\/v2\/types\/post"}],"author":[{"embeddable":true,"href":"https:\/\/www.ecuadoraldia.com.ec\/index.php?rest_route=\/wp\/v2\/users\/1"}],"replies":[{"embeddable":true,"href":"https:\/\/www.ecuadoraldia.com.ec\/index.php?rest_route=%2Fwp%2Fv2%2Fcomments&post=13917"}],"version-history":[{"count":2,"href":"https:\/\/www.ecuadoraldia.com.ec\/index.php?rest_route=\/wp\/v2\/posts\/13917\/revisions"}],"predecessor-version":[{"id":13920,"href":"https:\/\/www.ecuadoraldia.com.ec\/index.php?rest_route=\/wp\/v2\/posts\/13917\/revisions\/13920"}],"wp:featuredmedia":[{"embeddable":true,"href":"https:\/\/www.ecuadoraldia.com.ec\/index.php?rest_route=\/wp\/v2\/media\/13918"}],"wp:attachment":[{"href":"https:\/\/www.ecuadoraldia.com.ec\/index.php?rest_route=%2Fwp%2Fv2%2Fmedia&parent=13917"}],"wp:term":[{"taxonomy":"category","embeddable":true,"href":"https:\/\/www.ecuadoraldia.com.ec\/index.php?rest_route=%2Fwp%2Fv2%2Fcategories&post=13917"},{"taxonomy":"post_tag","embeddable":true,"href":"https:\/\/www.ecuadoraldia.com.ec\/index.php?rest_route=%2Fwp%2Fv2%2Ftags&post=13917"}],"curies":[{"name":"wp","href":"https:\/\/api.w.org\/{rel}","templated":true}]}}