{"id":13927,"date":"2016-12-05T13:02:14","date_gmt":"2016-12-05T13:02:14","guid":{"rendered":"http:\/\/www.ecuadoraldia.com.ec\/?p=13927"},"modified":"2016-12-05T13:02:14","modified_gmt":"2016-12-05T13:02:14","slug":"regularan-prision-por-pensiones-alimenticia","status":"publish","type":"post","link":"https:\/\/www.ecuadoraldia.com.ec\/?p=13927","title":{"rendered":"Regular\u00e1n prisi\u00f3n por pensiones alimenticia"},"content":{"rendered":"<p style=\"text-align: justify;\"><a href=\"http:\/\/www.ecuadoraldia.com.ec\/wp-content\/uploads\/2016\/12\/jueces.jpg\" rel=\"attachment wp-att-13929\"><img loading=\"lazy\" decoding=\"async\" class=\"alignleft size-medium wp-image-13929\" src=\"http:\/\/www.ecuadoraldia.com.ec\/wp-content\/uploads\/2016\/12\/jueces-300x167.jpg\" alt=\"jueces\" width=\"300\" height=\"167\" srcset=\"https:\/\/www.ecuadoraldia.com.ec\/wp-content\/uploads\/2016\/12\/jueces-300x167.jpg 300w, https:\/\/www.ecuadoraldia.com.ec\/wp-content\/uploads\/2016\/12\/jueces.jpg 612w\" sizes=\"(max-width: 300px) 100vw, 300px\" \/><\/a>El presidente Rafael Correa calific\u00f3 de injusta la medida contemplada en el art\u00edculo 137 del C\u00f3digo Org\u00e1nico Penal, que priva de libertad al padre o madre que incumplen con el pago de pensiones alimenticias por razones ajenas a su voluntad.<\/p>\n<p style=\"text-align: justify;\">El mandatario record\u00f3 que a\u00f1os atr\u00e1s el Estado cometi\u00f3 un error al regular esa misma ley, donde las y los abuelos deb\u00edan asumir dicha responsabilidad y en caso de no cumplir, iban presos tambi\u00e9n. \u00abEsto se lleg\u00f3 a tal nivel de exageraci\u00f3n que me pasaron una ley y soy corresponsable porque yo puse el ejec\u00fatese, pero como no soy especialista en esto cuando pregunt\u00e9 me dijeron que as\u00ed era en todas partes del mundo, que si no pod\u00eda pagar el pap\u00e1 ten\u00eda que pagar al abuelo y se iban preso los abuelos.<\/p>\n<p style=\"text-align: justify;\">Adem\u00e1s inform\u00f3 que son 869 presos por pensi\u00f3n alimenticia, una cifra que dice ir en aumento, pero que mucho de estos casos no se trata de padres sinverg\u00fcenzas o irresponsables, sino de ciudadanos que est\u00e1n desempleados y que no pueden asumir el costo de estos montos.<\/p>\n<p style=\"text-align: justify;\">El mandatario dijo que se le est\u00e1 arruinando la vida a estas personas, porque si est\u00e1n privados de libertad sus hijos siguen sin la pensi\u00f3n y el Estado asume una carga adicional debido a que cada preso le cuesta $ 15 diarios. \u00abFrontalmente vamos a defender la petici\u00f3n del se\u00f1or Xavier Donoso porque ese art\u00edculo legal es trmendamente injusto y estamos metiendo a a la c\u00e1rcel a toda gente inocente y no lo vamos a permitir.<\/p>\n<p style=\"text-align: justify;\">Ojal\u00e1 la Corte Constitucional haga lo que tenga que hacer sin la presi\u00f3n de esos grupos fundamentalistas que se dirigen por el odio y la venganza, no buscando solucionar los problemas\u00bb, advirti\u00f3 el Ejecutivo. (I)<\/p>\n","protected":false},"excerpt":{"rendered":"<p>El presidente Rafael Correa calific\u00f3 de injusta la medida contemplada en el art\u00edculo 137 del C\u00f3digo Org\u00e1nico Penal, que priva<\/p>\n","protected":false},"author":1,"featured_media":13929,"comment_status":"open","ping_status":"open","sticky":false,"template":"","format":"standard","meta":{"footnotes":""},"categories":[5],"tags":[],"_links":{"self":[{"href":"https:\/\/www.ecuadoraldia.com.ec\/index.php?rest_route=\/wp\/v2\/posts\/13927"}],"collection":[{"href":"https:\/\/www.ecuadoraldia.com.ec\/index.php?rest_route=\/wp\/v2\/posts"}],"about":[{"href":"https:\/\/www.ecuadoraldia.com.ec\/index.php?rest_route=\/wp\/v2\/types\/post"}],"author":[{"embeddable":true,"href":"https:\/\/www.ecuadoraldia.com.ec\/index.php?rest_route=\/wp\/v2\/users\/1"}],"replies":[{"embeddable":true,"href":"https:\/\/www.ecuadoraldia.com.ec\/index.php?rest_route=%2Fwp%2Fv2%2Fcomments&post=13927"}],"version-history":[{"count":1,"href":"https:\/\/www.ecuadoraldia.com.ec\/index.php?rest_route=\/wp\/v2\/posts\/13927\/revisions"}],"predecessor-version":[{"id":13930,"href":"https:\/\/www.ecuadoraldia.com.ec\/index.php?rest_route=\/wp\/v2\/posts\/13927\/revisions\/13930"}],"wp:featuredmedia":[{"embeddable":true,"href":"https:\/\/www.ecuadoraldia.com.ec\/index.php?rest_route=\/wp\/v2\/media\/13929"}],"wp:attachment":[{"href":"https:\/\/www.ecuadoraldia.com.ec\/index.php?rest_route=%2Fwp%2Fv2%2Fmedia&parent=13927"}],"wp:term":[{"taxonomy":"category","embeddable":true,"href":"https:\/\/www.ecuadoraldia.com.ec\/index.php?rest_route=%2Fwp%2Fv2%2Fcategories&post=13927"},{"taxonomy":"post_tag","embeddable":true,"href":"https:\/\/www.ecuadoraldia.com.ec\/index.php?rest_route=%2Fwp%2Fv2%2Ftags&post=13927"}],"curies":[{"name":"wp","href":"https:\/\/api.w.org\/{rel}","templated":true}]}}