{"id":13938,"date":"2016-12-05T20:11:19","date_gmt":"2016-12-05T20:11:19","guid":{"rendered":"http:\/\/www.ecuadoraldia.com.ec\/?p=13938"},"modified":"2016-12-05T20:11:19","modified_gmt":"2016-12-05T20:11:19","slug":"correa-en-el-pais-de-los-banqueros-los-pacientes-renales-se-morian","status":"publish","type":"post","link":"https:\/\/www.ecuadoraldia.com.ec\/?p=13938","title":{"rendered":"Correa: En el pa\u00eds de los banqueros, los pacientes renales se mor\u00edan"},"content":{"rendered":"<p style=\"text-align: justify;\"><a href=\"http:\/\/www.ecuadoraldia.com.ec\/wp-content\/uploads\/2016\/12\/rafael_correa_hosp.jpg\" rel=\"attachment wp-att-13939\"><img loading=\"lazy\" decoding=\"async\" class=\"alignleft size-medium wp-image-13939\" src=\"http:\/\/www.ecuadoraldia.com.ec\/wp-content\/uploads\/2016\/12\/rafael_correa_hosp-300x157.jpg\" alt=\"rafael_correa_hosp\" width=\"300\" height=\"157\" srcset=\"https:\/\/www.ecuadoraldia.com.ec\/wp-content\/uploads\/2016\/12\/rafael_correa_hosp-300x157.jpg 300w, https:\/\/www.ecuadoraldia.com.ec\/wp-content\/uploads\/2016\/12\/rafael_correa_hosp-390x205.jpg 390w, https:\/\/www.ecuadoraldia.com.ec\/wp-content\/uploads\/2016\/12\/rafael_correa_hosp.jpg 650w\" sizes=\"(max-width: 300px) 100vw, 300px\" \/><\/a>Quito, lunes 5 de diciembre de 2016. Durante la inauguraci\u00f3n del Centro M\u00e9dico Familiar Integral de Especialidades y Di\u00e1lisis \u00abLa Mariscal\u00bb, Rafael Correa, Presidente del Ecuador, hizo un recuerdo de la situaci\u00f3n en la que encontr\u00f3 al Instituto Ecuatoriano de Seguridad Social (IESS), recordando que antes los pacientes renales mor\u00edan, \u00aben el viejo pa\u00eds, el pa\u00eds de la partidocracia, el pa\u00eds del neoliberalismo, el pa\u00eds de los banqueros, el pa\u00eds del Fondo Monetario, del entreguismo no era noticia, hoy que salvan sus vidas, la noticia es gasto p\u00fablico excesivo, seguiremos gastando para salvar vidas\u00bb.<\/p>\n<p style=\"text-align: justify;\">El Presidente Correa record\u00f3 que, cuando ascendi\u00f3 al poder, \u201cno hab\u00eda un mam\u00f3grafo en los hospitales p\u00fablicos, para detectar a tiempo el c\u00e1ncer de mama\u201d.<br \/>\n\u201cSe habla mucho de violencia de g\u00e9nero \u00bfqu\u00e9 mayor violencia de g\u00e9nero que no tener un mam\u00f3grafo para que nuestras mujeres no se nos mueran? No hab\u00eda, y no es que costaba mucho, USD$70.000, no es que no hab\u00eda recursos, prohibido olvidar que gastamos USD$14 millones en un concurso de Miss Universo en Ecuador, pero no hab\u00eda USD$100.000 para un mam\u00f3grafo\u201d, sostuvo.<br \/>\n\u201cHoy, podemos encontrar ese mam\u00f3grafo en plena Mariscal \u00a1C\u00f3mo ha cambiado el pa\u00eds en estos a\u00f1os! Recuerdo que los hospitales del Ministerio de Salud hab\u00eda un solo tom\u00f3grafo, en el Eugenio Espejo, de doce cortes, es decir, muy elemental, hoy tenemos 4 tom\u00f3grafos por zona de planificaci\u00f3n, tenemos 9 zonas de planificaci\u00f3n, es decir, 36 tom\u00f3grafos de 32 y 64 cortes, eso es para dar vida\u201d, afirm\u00f3.<br \/>\nEl Presidente se\u00f1al\u00f3 que el Centro M\u00e9dico Familiar Integral de Especialidades y Di\u00e1lisis \u00abLa Mariscal\u00bb, para ser un hospital de primer nivel, solo le faltan las camas de hospitalizaci\u00f3n de largo plazo, porque existen camas para 24 y 48 horas.<br \/>\n\u201c\u00bfC\u00f3mo no sentirse esperanzado, no satisfecho, siempre hay que ver lo que falta por hacer? Cuando llegu\u00e9 al Gobierno, despu\u00e9s de la destrucci\u00f3n de la patria, despu\u00e9s de esa tragedia de la migraci\u00f3n, ten\u00edamos miles de m\u00e9dicos y profesionales de salud fuera del pa\u00eds, as\u00ed es la torpeza de los neoliberales, de la derecha, de la partidocracia\u201d, sostuvo.<br \/>\nLo que ocurr\u00eda con los m\u00e9dicos ecuatorianos, tras el deterioro de la salud p\u00fablica y la seguridad social, deb\u00edan migrar a otros pa\u00edses.<br \/>\n\u201cCerca de 10.000 profesionales de la salud: m\u00e9dicos, odont\u00f3logos, obstetras, enfermeros tuvieron que dejar su patria, muchos m\u00e9dicos fueron a Chile, muchos enfermeros a cuidad ancianos en Italia, Espa\u00f1a\u201d, mencion\u00f3.<br \/>\nUn m\u00e9dico costaba USD$50.000 para formarlo, lo que cost\u00f3 alrededor de USD$250 millones \u201cpara servir al extranjero\u201d.<br \/>\n\u201c\u00bfC\u00f3mo no sentirse esperanzado cuando veo decenas de m\u00e9dicos extranjeros que vienen al Ecuador por avance de su sistema m\u00e9dico, por los equipos con los que contamos? Ya no salen, regresan, no solo regresan los nuestros, vienen extranjeros a buscar aqu\u00ed oportunidades de desarrollo profesional debido al gran avance que ha tenido el sistema de salud en el Ecuador\u201d, puntualiz\u00f3.<br \/>\n\u201cHemos superado lo m\u00e1s dif\u00edcil, est\u00e1 creciendo la econom\u00eda\u201d, dijo el Presidente de la Rep\u00fablica, quien recalc\u00f3 que hasta antes de su Gobierno, pasaron d\u00e9cadas sin que el IESS ampliara su infraestructura sanitaria, su planta m\u00e9dica\u201d.<br \/>\n\u201cAhora, encontramos estas obras espectaculares en pleno centro de Quito\u201d, acot\u00f3.<br \/>\nRecord\u00f3 que en donde ahora funciona el centro del IESS, ejerc\u00eda su actividad comercial los almacenes Rose, que no pagaron tributos, por lo que se qued\u00f3, el edificio, en manos del Gobierno.<br \/>\n\u201cSon 22.000 metros cuadrados de construcci\u00f3n dedicados a la salud del pueblo ecuatoriano\u201d, agreg\u00f3.<br \/>\nEl centro m\u00e9dico brindar\u00e1 22 especialidades, entre ellos, la hemodi\u00e1lisis. Para el efecto, habr\u00e1 43 sillones para atender a 130 pacientes diarios y realizar 36.000 di\u00e1lisis al a\u00f1o.<br \/>\n\u201cAntes los pacientes que necesitan de hemodi\u00e1lisis o sacaban de su bolsillo los casi USD$1.500 mensuales que cuesta un tratamiento o sencillamente se mor\u00edan. Ahora que gastamos decenas de millones de d\u00f3lares para salvar estas vidas, ah\u00ed s\u00ed el supuesto gasto p\u00fablico en titulares, derroche, s\u00ed, seguiremos derrochando alegr\u00eda, vida plena para todos y todas\u201d, afirm\u00f3. (Ecu Inmediato)<\/p>\n","protected":false},"excerpt":{"rendered":"<p>Quito, lunes 5 de diciembre de 2016. Durante la inauguraci\u00f3n del Centro M\u00e9dico Familiar Integral de Especialidades y Di\u00e1lisis \u00abLa<\/p>\n","protected":false},"author":1,"featured_media":13939,"comment_status":"open","ping_status":"open","sticky":false,"template":"","format":"standard","meta":{"footnotes":""},"categories":[1],"tags":[],"_links":{"self":[{"href":"https:\/\/www.ecuadoraldia.com.ec\/index.php?rest_route=\/wp\/v2\/posts\/13938"}],"collection":[{"href":"https:\/\/www.ecuadoraldia.com.ec\/index.php?rest_route=\/wp\/v2\/posts"}],"about":[{"href":"https:\/\/www.ecuadoraldia.com.ec\/index.php?rest_route=\/wp\/v2\/types\/post"}],"author":[{"embeddable":true,"href":"https:\/\/www.ecuadoraldia.com.ec\/index.php?rest_route=\/wp\/v2\/users\/1"}],"replies":[{"embeddable":true,"href":"https:\/\/www.ecuadoraldia.com.ec\/index.php?rest_route=%2Fwp%2Fv2%2Fcomments&post=13938"}],"version-history":[{"count":1,"href":"https:\/\/www.ecuadoraldia.com.ec\/index.php?rest_route=\/wp\/v2\/posts\/13938\/revisions"}],"predecessor-version":[{"id":13940,"href":"https:\/\/www.ecuadoraldia.com.ec\/index.php?rest_route=\/wp\/v2\/posts\/13938\/revisions\/13940"}],"wp:featuredmedia":[{"embeddable":true,"href":"https:\/\/www.ecuadoraldia.com.ec\/index.php?rest_route=\/wp\/v2\/media\/13939"}],"wp:attachment":[{"href":"https:\/\/www.ecuadoraldia.com.ec\/index.php?rest_route=%2Fwp%2Fv2%2Fmedia&parent=13938"}],"wp:term":[{"taxonomy":"category","embeddable":true,"href":"https:\/\/www.ecuadoraldia.com.ec\/index.php?rest_route=%2Fwp%2Fv2%2Fcategories&post=13938"},{"taxonomy":"post_tag","embeddable":true,"href":"https:\/\/www.ecuadoraldia.com.ec\/index.php?rest_route=%2Fwp%2Fv2%2Ftags&post=13938"}],"curies":[{"name":"wp","href":"https:\/\/api.w.org\/{rel}","templated":true}]}}