{"id":13941,"date":"2016-12-06T18:20:47","date_gmt":"2016-12-06T18:20:47","guid":{"rendered":"http:\/\/www.ecuadoraldia.com.ec\/?p=13941"},"modified":"2016-12-06T18:22:47","modified_gmt":"2016-12-06T18:22:47","slug":"inflacion-de-noviembre-el-ecuador-fue-del-015","status":"publish","type":"post","link":"https:\/\/www.ecuadoraldia.com.ec\/?p=13941","title":{"rendered":"Inflaci\u00f3n de noviembre el Ecuador fue del -0,15%"},"content":{"rendered":"<p style=\"text-align: justify;\"><a href=\"http:\/\/www.ecuadoraldia.com.ec\/wp-content\/uploads\/2016\/12\/mercado.jpg\" rel=\"attachment wp-att-13945\"><img loading=\"lazy\" decoding=\"async\" class=\"alignleft size-medium wp-image-13945\" src=\"http:\/\/www.ecuadoraldia.com.ec\/wp-content\/uploads\/2016\/12\/mercado-300x115.jpg\" alt=\"mercado\" width=\"300\" height=\"115\" srcset=\"https:\/\/www.ecuadoraldia.com.ec\/wp-content\/uploads\/2016\/12\/mercado-300x115.jpg 300w, https:\/\/www.ecuadoraldia.com.ec\/wp-content\/uploads\/2016\/12\/mercado.jpg 362w\" sizes=\"(max-width: 300px) 100vw, 300px\" \/><\/a>El Instituto Nacional de Estad\u00edstica y Censos (INEC) inform\u00f3 esta ma\u00f1ana que Ecuador registr\u00f3 una inflaci\u00f3n de -0,15% en noviembre. Se trata de la cuarta inflaci\u00f3n negativa en lo que va del a\u00f1o desde julio pasado. Es que en julio (-0,09%), agosto (-0,16%) y octubre (-0,08%) tambi\u00e9n se presentaron valores negativos del \u00edndice de precios.<\/p>\n<p style=\"text-align: justify;\">Los productos que m\u00e1s influyeron en la baja de la inflaci\u00f3n fueron alimentos y bebidas, y restaurantes y hoteles, seg\u00fan el reporte de la entidad.<\/p>\n<p style=\"text-align: justify;\">La inflaci\u00f3n acumulada en el 2016; es decir, de enero a noviembre, alcanz\u00f3 el 0,96%; mientras que la anual, de noviembre 2015 a noviembre de 2016, lleg\u00f3 a 1,05%.<\/p>\n<p style=\"text-align: justify;\">En el und\u00e9cimo mes del a\u00f1o, el costo de la Canasta B\u00e1sica se ubic\u00f3 en $ 692,56, mientras que el ingreso familiar mensual con 1,6 perceptores fue de $ 683,20; es decir, alcanz\u00f3 una cobertura del 98,65%, dijo el INEC. (I)<\/p>\n","protected":false},"excerpt":{"rendered":"<p>El Instituto Nacional de Estad\u00edstica y Censos (INEC) inform\u00f3 esta ma\u00f1ana que Ecuador registr\u00f3 una inflaci\u00f3n de -0,15% en noviembre.<\/p>\n","protected":false},"author":1,"featured_media":13945,"comment_status":"open","ping_status":"open","sticky":false,"template":"","format":"standard","meta":{"footnotes":""},"categories":[9],"tags":[],"_links":{"self":[{"href":"https:\/\/www.ecuadoraldia.com.ec\/index.php?rest_route=\/wp\/v2\/posts\/13941"}],"collection":[{"href":"https:\/\/www.ecuadoraldia.com.ec\/index.php?rest_route=\/wp\/v2\/posts"}],"about":[{"href":"https:\/\/www.ecuadoraldia.com.ec\/index.php?rest_route=\/wp\/v2\/types\/post"}],"author":[{"embeddable":true,"href":"https:\/\/www.ecuadoraldia.com.ec\/index.php?rest_route=\/wp\/v2\/users\/1"}],"replies":[{"embeddable":true,"href":"https:\/\/www.ecuadoraldia.com.ec\/index.php?rest_route=%2Fwp%2Fv2%2Fcomments&post=13941"}],"version-history":[{"count":3,"href":"https:\/\/www.ecuadoraldia.com.ec\/index.php?rest_route=\/wp\/v2\/posts\/13941\/revisions"}],"predecessor-version":[{"id":13946,"href":"https:\/\/www.ecuadoraldia.com.ec\/index.php?rest_route=\/wp\/v2\/posts\/13941\/revisions\/13946"}],"wp:featuredmedia":[{"embeddable":true,"href":"https:\/\/www.ecuadoraldia.com.ec\/index.php?rest_route=\/wp\/v2\/media\/13945"}],"wp:attachment":[{"href":"https:\/\/www.ecuadoraldia.com.ec\/index.php?rest_route=%2Fwp%2Fv2%2Fmedia&parent=13941"}],"wp:term":[{"taxonomy":"category","embeddable":true,"href":"https:\/\/www.ecuadoraldia.com.ec\/index.php?rest_route=%2Fwp%2Fv2%2Fcategories&post=13941"},{"taxonomy":"post_tag","embeddable":true,"href":"https:\/\/www.ecuadoraldia.com.ec\/index.php?rest_route=%2Fwp%2Fv2%2Ftags&post=13941"}],"curies":[{"name":"wp","href":"https:\/\/api.w.org\/{rel}","templated":true}]}}