{"id":13950,"date":"2016-12-06T18:58:49","date_gmt":"2016-12-06T18:58:49","guid":{"rendered":"http:\/\/www.ecuadoraldia.com.ec\/?p=13950"},"modified":"2016-12-06T18:58:49","modified_gmt":"2016-12-06T18:58:49","slug":"el-precio-de-crudo-cierra-en-5179-el-barril-el-precio-mas-alto-en-ano-y-medio","status":"publish","type":"post","link":"https:\/\/www.ecuadoraldia.com.ec\/?p=13950","title":{"rendered":"El precio de crudo cierra en $ 51,79 el barril, el precio m\u00e1s alto en a\u00f1o y medio"},"content":{"rendered":"<p style=\"text-align: justify;\"><a href=\"http:\/\/www.ecuadoraldia.com.ec\/wp-content\/uploads\/2016\/12\/crudo.jpg\" rel=\"attachment wp-att-13951\"><img loading=\"lazy\" decoding=\"async\" class=\"alignleft size-medium wp-image-13951\" src=\"http:\/\/www.ecuadoraldia.com.ec\/wp-content\/uploads\/2016\/12\/crudo-300x169.jpg\" alt=\"crudo\" width=\"300\" height=\"169\" srcset=\"https:\/\/www.ecuadoraldia.com.ec\/wp-content\/uploads\/2016\/12\/crudo-300x169.jpg 300w, https:\/\/www.ecuadoraldia.com.ec\/wp-content\/uploads\/2016\/12\/crudo-768x432.jpg 768w, https:\/\/www.ecuadoraldia.com.ec\/wp-content\/uploads\/2016\/12\/crudo.jpg 864w\" sizes=\"(max-width: 300px) 100vw, 300px\" \/><\/a>El precio del petr\u00f3leo intermedio de Texas (WTI) subi\u00f3 ayer 0,21 % y cerr\u00f3 en 51,79 d\u00f3lares el barril, el nivel m\u00e1s alto que se ha reportado desde mediados de julio de 2015.<\/p>\n<p style=\"text-align: justify;\">Al final de las operaciones a viva voz en la Bolsa Mercantil de Nueva York (Nymex), los contratos futuros del WTI para entrega en enero subieron 0,11 d\u00f3lares respecto al cierre de la \u00faltima sesi\u00f3n. Se trata de la cuarta subida consecutiva en el precio del WTI desde que la Organizaci\u00f3n de Pa\u00edses Exportadores de Petr\u00f3leo (OPEP) anunciara el mi\u00e9rcoles pasado un recorte en su producci\u00f3n a partir de enero pr\u00f3ximo.<\/p>\n<p style=\"text-align: justify;\">La OPEP dio a conocer la semana pasada que desde el 1 de enero pr\u00f3ximo fijar\u00e1 su producci\u00f3n en 32,5 millones de barriles diarios, lo que implica un recorte de 1,2 millones de barriles. Esa decisi\u00f3n fue recibida el mi\u00e9rcoles pasado con un ascenso del 9,31 % en el precio del WTI, el petr\u00f3leo de referencia en Estados Unidos, y en los d\u00edas siguientes hubo subidas menores, que continuaron este lunes.<\/p>\n<p style=\"text-align: justify;\">El barril del petr\u00f3leo de Texas, de referencia para Ecuador, no ve\u00eda los niveles de ayer desde el 14 de julio del a\u00f1o pasado, cuando termin\u00f3 con 53,04 d\u00f3lares, aunque al d\u00eda siguiente cay\u00f3 un 3 %.<\/p>\n<p style=\"text-align: justify;\">El valor anotado es casi el doble del m\u00ednimo anual registrado hasta ahora, de 26,21 d\u00f3lares, el 11 de febrero pasado.<\/p>\n<p style=\"text-align: justify;\">La semana pasada, el precio del petr\u00f3leo de Texas acumul\u00f3 una subida del 12,2 %, la mejor desde febrero de 2011.<\/p>\n<p style=\"text-align: justify;\">Por su parte, los contratos de gasolina para entrega en enero terminaron sin apenas variaciones, en 1,56 d\u00f3lares el gal\u00f3n, mientras que los de gas natural del mismo mes subieron casi 22 centavos, hasta los 3,65 d\u00f3lares por cada mil pies c\u00fabicos.<\/p>\n<p style=\"text-align: justify;\">Por otra parte, el barril de petr\u00f3leo Brent para entrega en febrero cerr\u00f3 ayer en el mercado de futuros de Londres en 54,94 d\u00f3lares, un 1,85 % m\u00e1s que al t\u00e9rmino de la sesi\u00f3n anterior y su m\u00e1ximo cierre en 16 meses. El crudo del mar del Norte, de referencia en Europa, termin\u00f3 la sesi\u00f3n en el International Exchange Futures con un incremento de 1 d\u00f3lar frente a la \u00faltima negociaci\u00f3n, cuando acab\u00f3 en 53,94 d\u00f3lares.<\/p>\n<p style=\"text-align: justify;\">El Brent termin\u00f3 la sesi\u00f3n en el nivel m\u00e1s elevado desde finales de julio de 2015. EFE<\/p>\n","protected":false},"excerpt":{"rendered":"<p>El precio del petr\u00f3leo intermedio de Texas (WTI) subi\u00f3 ayer 0,21 % y cerr\u00f3 en 51,79 d\u00f3lares el barril, el<\/p>\n","protected":false},"author":1,"featured_media":13951,"comment_status":"open","ping_status":"open","sticky":false,"template":"","format":"standard","meta":{"footnotes":""},"categories":[9],"tags":[],"_links":{"self":[{"href":"https:\/\/www.ecuadoraldia.com.ec\/index.php?rest_route=\/wp\/v2\/posts\/13950"}],"collection":[{"href":"https:\/\/www.ecuadoraldia.com.ec\/index.php?rest_route=\/wp\/v2\/posts"}],"about":[{"href":"https:\/\/www.ecuadoraldia.com.ec\/index.php?rest_route=\/wp\/v2\/types\/post"}],"author":[{"embeddable":true,"href":"https:\/\/www.ecuadoraldia.com.ec\/index.php?rest_route=\/wp\/v2\/users\/1"}],"replies":[{"embeddable":true,"href":"https:\/\/www.ecuadoraldia.com.ec\/index.php?rest_route=%2Fwp%2Fv2%2Fcomments&post=13950"}],"version-history":[{"count":1,"href":"https:\/\/www.ecuadoraldia.com.ec\/index.php?rest_route=\/wp\/v2\/posts\/13950\/revisions"}],"predecessor-version":[{"id":13952,"href":"https:\/\/www.ecuadoraldia.com.ec\/index.php?rest_route=\/wp\/v2\/posts\/13950\/revisions\/13952"}],"wp:featuredmedia":[{"embeddable":true,"href":"https:\/\/www.ecuadoraldia.com.ec\/index.php?rest_route=\/wp\/v2\/media\/13951"}],"wp:attachment":[{"href":"https:\/\/www.ecuadoraldia.com.ec\/index.php?rest_route=%2Fwp%2Fv2%2Fmedia&parent=13950"}],"wp:term":[{"taxonomy":"category","embeddable":true,"href":"https:\/\/www.ecuadoraldia.com.ec\/index.php?rest_route=%2Fwp%2Fv2%2Fcategories&post=13950"},{"taxonomy":"post_tag","embeddable":true,"href":"https:\/\/www.ecuadoraldia.com.ec\/index.php?rest_route=%2Fwp%2Fv2%2Ftags&post=13950"}],"curies":[{"name":"wp","href":"https:\/\/api.w.org\/{rel}","templated":true}]}}