{"id":13953,"date":"2016-12-06T19:01:12","date_gmt":"2016-12-06T19:01:12","guid":{"rendered":"http:\/\/www.ecuadoraldia.com.ec\/?p=13953"},"modified":"2016-12-06T19:01:12","modified_gmt":"2016-12-06T19:01:12","slug":"las-salvaguardias-no-preocupan-a-este-gobierno","status":"publish","type":"post","link":"https:\/\/www.ecuadoraldia.com.ec\/?p=13953","title":{"rendered":"Las salvaguardias no preocupan a este Gobierno"},"content":{"rendered":"<p style=\"text-align: justify;\"><a href=\"http:\/\/www.ecuadoraldia.com.ec\/wp-content\/uploads\/2016\/12\/salvaguardias.jpg\" rel=\"attachment wp-att-13954\"><img loading=\"lazy\" decoding=\"async\" class=\"alignleft size-medium wp-image-13954\" src=\"http:\/\/www.ecuadoraldia.com.ec\/wp-content\/uploads\/2016\/12\/salvaguardias-300x168.jpg\" alt=\"salvaguardias\" width=\"300\" height=\"168\" srcset=\"https:\/\/www.ecuadoraldia.com.ec\/wp-content\/uploads\/2016\/12\/salvaguardias-300x168.jpg 300w, https:\/\/www.ecuadoraldia.com.ec\/wp-content\/uploads\/2016\/12\/salvaguardias.jpg 366w\" sizes=\"(max-width: 300px) 100vw, 300px\" \/><\/a>Abril ser\u00e1 el mes en que Ecuador deber\u00e1 comparecer nuevamente ante la Organizaci\u00f3n Mundial de Comercio (OMC) para entregar un nuevo informe sobre su pol\u00edtica de salvaguardias impuestas a la importaci\u00f3n, una medida que, aunque se est\u00e9 desmontando, no satisface a naciones como EE. UU., Jap\u00f3n, Colombia, Per\u00fa y hasta la misma Uni\u00f3n Europea, bloque con el que el pa\u00eds est\u00e1 por finiquitar un acuerdo comercial.<\/p>\n<p style=\"text-align: justify;\">Sin embargo, esta es una situaci\u00f3n que no preocupa a las autoridades del Ministerio de Comercio Exterior. Descartan que esto vaya a generar a Ecuador futuros conflictos con sus socios comerciales. Ayer, durante una rueda de prensa, el ministro de Comercio Exterior, Juan Carlos Cassinelli, explic\u00f3 que su visita de la semana pasada a Bruselas fue exitosa al lograr que los dem\u00e1s pa\u00edses entendieran las razones por las que Ecuador tuvo que gravar salvaguardias al producto importado.<\/p>\n<p style=\"text-align: justify;\">\u201cHemos recibido criterios favorables en todas las intervenciones. El tema de salvaguardias no es algo que les gusta a todos, pero lo comprenden. De modo que hoy no tenemos una amenaza de que al pa\u00eds se lo lleve a alg\u00fan panel (de arbitraje) o que se haga algo en contra relacionado con las salvaguardias\u201d, dijo el ministro.<\/p>\n<p style=\"text-align: justify;\">El funcionario confirm\u00f3 que en abril pr\u00f3ximo, cuando se vuelva a acudir ante la OMC, Ecuador tendr\u00e1 que aplicar un nuevo desmontaje de estas salvaguardias, tal como lo indica el cronograma del Comit\u00e9 de Comercio Exterior (Comex).<\/p>\n<p style=\"text-align: justify;\">Esto, explica, seguir\u00e1 generando un voto de confianza para Ecuador, por parte de sus pa\u00edses socios, incluyendo al bloque de las 28 naciones de la Uni\u00f3n Europea. Ayer, Cassinelli aprovech\u00f3 tambi\u00e9n para confirmar que el Parlamento Europeo tiene agendada para el pr\u00f3ximo 15 de diciembre la ratificaci\u00f3n del convenio multipartes que se viene negociando con Ecuador.<\/p>\n<p style=\"text-align: justify;\">Mientras eso se da, dentro del pa\u00eds la Corte Constitucional deber\u00e1 culminar un expediente que tendr\u00e1 que remitir a la Asamblea para su respectiva aprobaci\u00f3n. Cuando esto culmine, explica Cassinelli, el documento deber\u00e1 ir a la Presidencia de la Rep\u00fablica, para a trav\u00e9s de Canciller\u00eda informar de la ratificaci\u00f3n a la Secretar\u00eda de la Uni\u00f3n Europea para su publicaci\u00f3n y ejecuci\u00f3n.<\/p>\n<p style=\"text-align: justify;\">El tr\u00e1mite, dijo, transcurre en los tiempos exactos para lograr la ratificaci\u00f3n del acuerdo antes de que finalice este a\u00f1o. Para ello, dijo, se har\u00e1 todo tipo de esfuerzo. Expreso<\/p>\n","protected":false},"excerpt":{"rendered":"<p>Abril ser\u00e1 el mes en que Ecuador deber\u00e1 comparecer nuevamente ante la Organizaci\u00f3n Mundial de Comercio (OMC) para entregar un<\/p>\n","protected":false},"author":1,"featured_media":13954,"comment_status":"open","ping_status":"open","sticky":false,"template":"","format":"standard","meta":{"footnotes":""},"categories":[9],"tags":[],"_links":{"self":[{"href":"https:\/\/www.ecuadoraldia.com.ec\/index.php?rest_route=\/wp\/v2\/posts\/13953"}],"collection":[{"href":"https:\/\/www.ecuadoraldia.com.ec\/index.php?rest_route=\/wp\/v2\/posts"}],"about":[{"href":"https:\/\/www.ecuadoraldia.com.ec\/index.php?rest_route=\/wp\/v2\/types\/post"}],"author":[{"embeddable":true,"href":"https:\/\/www.ecuadoraldia.com.ec\/index.php?rest_route=\/wp\/v2\/users\/1"}],"replies":[{"embeddable":true,"href":"https:\/\/www.ecuadoraldia.com.ec\/index.php?rest_route=%2Fwp%2Fv2%2Fcomments&post=13953"}],"version-history":[{"count":1,"href":"https:\/\/www.ecuadoraldia.com.ec\/index.php?rest_route=\/wp\/v2\/posts\/13953\/revisions"}],"predecessor-version":[{"id":13955,"href":"https:\/\/www.ecuadoraldia.com.ec\/index.php?rest_route=\/wp\/v2\/posts\/13953\/revisions\/13955"}],"wp:featuredmedia":[{"embeddable":true,"href":"https:\/\/www.ecuadoraldia.com.ec\/index.php?rest_route=\/wp\/v2\/media\/13954"}],"wp:attachment":[{"href":"https:\/\/www.ecuadoraldia.com.ec\/index.php?rest_route=%2Fwp%2Fv2%2Fmedia&parent=13953"}],"wp:term":[{"taxonomy":"category","embeddable":true,"href":"https:\/\/www.ecuadoraldia.com.ec\/index.php?rest_route=%2Fwp%2Fv2%2Fcategories&post=13953"},{"taxonomy":"post_tag","embeddable":true,"href":"https:\/\/www.ecuadoraldia.com.ec\/index.php?rest_route=%2Fwp%2Fv2%2Ftags&post=13953"}],"curies":[{"name":"wp","href":"https:\/\/api.w.org\/{rel}","templated":true}]}}