{"id":14042,"date":"2016-12-19T20:15:45","date_gmt":"2016-12-19T20:15:45","guid":{"rendered":"http:\/\/www.ecuadoraldia.com.ec\/?p=14042"},"modified":"2016-12-19T20:15:45","modified_gmt":"2016-12-19T20:15:45","slug":"14042","status":"publish","type":"post","link":"https:\/\/www.ecuadoraldia.com.ec\/?p=14042","title":{"rendered":""},"content":{"rendered":"<p><strong>\u00a0P<a href=\"http:\/\/www.ecuadoraldia.com.ec\/wp-content\/uploads\/2016\/12\/participacion-ciudadana.jpg\" rel=\"attachment wp-att-14043\"><img loading=\"lazy\" decoding=\"async\" class=\"alignleft size-medium wp-image-14043\" src=\"http:\/\/www.ecuadoraldia.com.ec\/wp-content\/uploads\/2016\/12\/participacion-ciudadana-300x199.jpg\" alt=\"participacion-ciudadana\" width=\"300\" height=\"199\" srcset=\"https:\/\/www.ecuadoraldia.com.ec\/wp-content\/uploads\/2016\/12\/participacion-ciudadana-300x199.jpg 300w, https:\/\/www.ecuadoraldia.com.ec\/wp-content\/uploads\/2016\/12\/participacion-ciudadana.jpg 450w\" sizes=\"(max-width: 300px) 100vw, 300px\" \/><\/a>articipaci\u00f3n Masivaen las mesas de di\u00e1logo en Quito para la construcci\u00f3n del C\u00f3digo Org\u00e1nico de la Salud <\/strong><\/p>\n<p>Dando continuidad al cronograma de mesas de di\u00e1logo que se realizan en todo el pa\u00eds para la socializaci\u00f3n del COS y la construcci\u00f3n de aportes con diferentes actores sociales, este mi\u00e9rcoles 14 de diciembre se realiz\u00f3 en el auditorio del ECU911 las mesas de di\u00e1logo de la ciudad de Quito, tras las primeras mesas de trabajo en Cuenca y Guayaquil.<\/p>\n<p>&nbsp;<\/p>\n<p>Con la participaci\u00f3n de m\u00e1s de 150 actores divididos en 13 mesas de trabajo, representantes del Ministerio de Salud P\u00fablica, OPS\/OMS, UNICEF, Ministerio de Industrias y Productividad, Consejo Provincial de Pichincha, unidades de salud de la Red P\u00fablica y Complementaria como Vozandez, Cl\u00ednica Internacional, Cl\u00ednica el Bat\u00e1n Hospital Metropolitano, Hospital Carlos Andrade Mar\u00edn, Hospital Pablo Arturo Su\u00e1rez, Hospital Enrique Garc\u00e9s, Hospital Docente de Calder\u00f3n, entre otros, y delegados de colegios y federaciones de m\u00e9dicos, qu\u00edmicos farmac\u00e9uticos, enfermeras, obstetrices, psic\u00f3logos, etc., y organizaciones sociales como la Red de Trabajadoras Sexuales, Grupo de apoyo a la Lactancia y Maternidad, Red de Profesionales de la Salud, Asociaci\u00f3n de Natur\u00f3patas, Asociaci\u00f3n de Medicina Ancestral, Asociaci\u00f3n de Consumidores Organizados, Movimiento Sanitario, etc., y delegados de las insdustrias farmac\u00e9uticas y de alimentos, se discuti\u00f3 durante 8 horas cada uno de los libros y cap\u00edtulos del proyecto de c\u00f3digo org\u00e1nico de la salud, a fin de consolidar aportes de las \u00e1reas t\u00e9cnicas y de la ciudadan\u00eda en la consolidaci\u00f3n de este cuerpo legal.<\/p>\n<p>&nbsp;<\/p>\n<p>El C\u00f3digo Org\u00e1nico de la Salud propuesto, es una norma necesaria e importante para el sistema nacional de salud, cuya construcci\u00f3n inici\u00f3 en el a\u00f1o 2012 en la Asamblea Nacional, compilando las leyes necesarias en materia de salud, a m\u00e1s de normativa dispersa y deroga normativas obsoletas que no se encuentran acordes al contexto actual nacional e internacional, por lo cual el COS constituye el mayor reto hist\u00f3rico del pa\u00eds y ser\u00e1 un hito en la legislaci\u00f3n ecuatoriana para la consolidaci\u00f3n de los avances sociales y el efectivo cumplimiento de la garant\u00eda del derecho a la salud.<\/p>\n<p>&nbsp;<\/p>\n<p>Las mesas de di\u00e1logo contaron con la participaci\u00f3n de la Ministra de Salud Margarita Guevara, el presidente de la Comisi\u00f3n de la Salud de la Asamblea Nacional William Garz\u00f3n, entre otras autoridades, quienes resaltaron la importancia del COS como un proyecto ampliamente inclusivo que promueve la intersectorialidad, interinstitucionalidad\u00a0 y relaci\u00f3n\u00a0 con los diferentes niveles de Gobierno que cuenta con definiciones y conceptos actualizados, recogiendo adem\u00e1s la nueva concepci\u00f3n de problem\u00e1ticas de salud y el fortalecimiento de la participaci\u00f3n ciudadana en las pol\u00edticas p\u00fablicas.<\/p>\n<p>&nbsp;<\/p>\n<p>El proyecto del COS contiene 373 art\u00edculos, agrupados en 1 t\u00edtulo preliminar, 3 libros y \u00a024 t\u00edtulos, adem\u00e1s de tres Disposiciones Generales, Nueve Disposiciones Transitorias, cuatro Disposiciones Reformatorias, tres Disposiciones Derogatorias y una Disposici\u00f3n Final, raz\u00f3n por la que para su an\u00e1lisis, el \u00a0Ministerio de Salud P\u00fablica ha habilitado adem\u00e1s el espacio <a href=\"http:\/\/www.salud.gob.ec\/participa-y-conoce-sobre-el-codigo-organico-de-salud\/\">http:\/\/www.salud.gob.ec\/participa-y-conoce-sobre-el-codigo-organico-de-salud\/<\/a>, a fin de recopilar los comentarios y aportes de la ciudadan\u00eda a la construcci\u00f3n de este proyecto de salud.<\/p>\n<p>&nbsp;<\/p>\n","protected":false},"excerpt":{"rendered":"<p>\u00a0Participaci\u00f3n Masivaen las mesas de di\u00e1logo en Quito para la construcci\u00f3n del C\u00f3digo Org\u00e1nico de la Salud Dando continuidad al<\/p>\n","protected":false},"author":1,"featured_media":14043,"comment_status":"open","ping_status":"open","sticky":false,"template":"","format":"standard","meta":{"footnotes":""},"categories":[1],"tags":[],"_links":{"self":[{"href":"https:\/\/www.ecuadoraldia.com.ec\/index.php?rest_route=\/wp\/v2\/posts\/14042"}],"collection":[{"href":"https:\/\/www.ecuadoraldia.com.ec\/index.php?rest_route=\/wp\/v2\/posts"}],"about":[{"href":"https:\/\/www.ecuadoraldia.com.ec\/index.php?rest_route=\/wp\/v2\/types\/post"}],"author":[{"embeddable":true,"href":"https:\/\/www.ecuadoraldia.com.ec\/index.php?rest_route=\/wp\/v2\/users\/1"}],"replies":[{"embeddable":true,"href":"https:\/\/www.ecuadoraldia.com.ec\/index.php?rest_route=%2Fwp%2Fv2%2Fcomments&post=14042"}],"version-history":[{"count":1,"href":"https:\/\/www.ecuadoraldia.com.ec\/index.php?rest_route=\/wp\/v2\/posts\/14042\/revisions"}],"predecessor-version":[{"id":14044,"href":"https:\/\/www.ecuadoraldia.com.ec\/index.php?rest_route=\/wp\/v2\/posts\/14042\/revisions\/14044"}],"wp:featuredmedia":[{"embeddable":true,"href":"https:\/\/www.ecuadoraldia.com.ec\/index.php?rest_route=\/wp\/v2\/media\/14043"}],"wp:attachment":[{"href":"https:\/\/www.ecuadoraldia.com.ec\/index.php?rest_route=%2Fwp%2Fv2%2Fmedia&parent=14042"}],"wp:term":[{"taxonomy":"category","embeddable":true,"href":"https:\/\/www.ecuadoraldia.com.ec\/index.php?rest_route=%2Fwp%2Fv2%2Fcategories&post=14042"},{"taxonomy":"post_tag","embeddable":true,"href":"https:\/\/www.ecuadoraldia.com.ec\/index.php?rest_route=%2Fwp%2Fv2%2Ftags&post=14042"}],"curies":[{"name":"wp","href":"https:\/\/api.w.org\/{rel}","templated":true}]}}