{"id":14054,"date":"2016-12-24T15:50:16","date_gmt":"2016-12-24T15:50:16","guid":{"rendered":"http:\/\/www.ecuadoraldia.com.ec\/?p=14054"},"modified":"2016-12-24T15:50:16","modified_gmt":"2016-12-24T15:50:16","slug":"colombia-argentina-y-peru-son-los-tres-paises-que-mas-creceran-en-2017","status":"publish","type":"post","link":"https:\/\/www.ecuadoraldia.com.ec\/?p=14054","title":{"rendered":"Colombia, Argentina y Per\u00fa son los  tres pa\u00edses que m\u00e1s crecer\u00e1n en  2017"},"content":{"rendered":"<p style=\"text-align: justify;\"><a href=\"http:\/\/www.ecuadoraldia.com.ec\/wp-content\/uploads\/2016\/12\/Ecuador_.jpg\" rel=\"attachment wp-att-14055\"><img loading=\"lazy\" decoding=\"async\" class=\"alignleft size-medium wp-image-14055\" src=\"http:\/\/www.ecuadoraldia.com.ec\/wp-content\/uploads\/2016\/12\/Ecuador_-300x191.jpg\" alt=\"ecuador_\" width=\"300\" height=\"191\" srcset=\"https:\/\/www.ecuadoraldia.com.ec\/wp-content\/uploads\/2016\/12\/Ecuador_-300x191.jpg 300w, https:\/\/www.ecuadoraldia.com.ec\/wp-content\/uploads\/2016\/12\/Ecuador_.jpg 716w\" sizes=\"(max-width: 300px) 100vw, 300px\" \/><\/a>Per\u00fa, Argentina y Colombia son los tres pa\u00edses de Am\u00e9rica Latina que m\u00e1s van a crecer en 2017, seg\u00fan un promedio de las estimaciones realizadas por cinco gigantes de Wall Street: JPMorgan, Bank of America Merrill Lynch, Citigroup, Goldman Sachs y Morgan Stanley. En el primer caso, se trata de una ratificaci\u00f3n de que sigue siendo el pa\u00eds m\u00e1s pujante de la regi\u00f3n. En los otros dos, lo que se ve es un repunte despu\u00e9s de a\u00f1os negativos.<\/p>\n<p style=\"text-align: justify;\">-Per\u00fa. Los cinco bancos estadounidenses estiman un crecimiento promedio de 4,3%, con una inflaci\u00f3n esperada de 2,8%, en l\u00ednea con la meta oficial. Todo indica que el Banco Central mantendr\u00e1 en 4,25% la tasa de inter\u00e9s.<\/p>\n<p style=\"text-align: justify;\">-Argentina. Tras un a\u00f1o de recesi\u00f3n y un fuerte cambio de rumbo por la llegada de Mauricio Macri a la presidencia, se espera que crezca 2,8 por ciento. La inflaci\u00f3n se reducir\u00eda del m\u00e1s de 40% de este a\u00f1o a un 19,5%, por encima de la meta de entre 12 y 17 por ciento. Lo m\u00e1s probable es que el entidad monetaria baje las tasas del 24,75% actual a un 18,6 por ciento.<\/p>\n<p style=\"text-align: justify;\">-Colombia. Se espera una expansi\u00f3n de 2,3% del PIB, con un alza de precios de 4,1%, apenas por encima del rango de entre 2 y 4% que pretend\u00eda el gobierno. Proyectan un recorte monetario de hasta el 6 por ciento.<\/p>\n<p style=\"text-align: justify;\">-Chile. Tendr\u00eda un peque\u00f1o repunte en el crecimiento, que alcanzar\u00eda un 2 por ciento. La inflaci\u00f3n estar\u00eda en 3,08%, dentro de lo esperado por el Ministerio de Econom\u00eda. El Banco Central rebajar\u00eda las tasas al 3 por ciento.<\/p>\n<p style=\"text-align: justify;\">-M\u00e9xico. si bien tendr\u00e1 una expansi\u00f3n de 1,7%, es el \u00fanico pa\u00eds en el que ese avance ser\u00e1 menor al de este a\u00f1o. La incertidumbre por los cambios que podr\u00eda traer el gobierno de Donald Trump est\u00e1n en el centro de las causas. La inflaci\u00f3n estar\u00eda en el orden del 4%, y el Banco Central reducir\u00eda las tasas hasta un 6 por ciento.<\/p>\n<p style=\"text-align: justify;\">-Brasil. Tras la recesi\u00f3n m\u00e1s profunda de su historia reciente, crecer\u00eda un 0,9 por ciento. Los precios subir\u00edan s\u00f3lo un 4,8%, en l\u00ednea con lo pretendido por la administraci\u00f3n. La autoridad monetaria har\u00e1 un recorte importante, del 13,75% actual al 10,95.<\/p>\n<p style=\"text-align: justify;\">-Venezuela. Como viene ocurriendo, ser\u00e1 el pa\u00eds de peor performance de la regi\u00f3n. El PIB volver\u00e1 a caer, aunque 2,9%, por debajo del 10% de 2016. La inflaci\u00f3n seguir\u00e1 siendo la m\u00e1s alta del planeta, con una media esperada de 622 por ciento.<\/p>\n","protected":false},"excerpt":{"rendered":"<p>Per\u00fa, Argentina y Colombia son los tres pa\u00edses de Am\u00e9rica Latina que m\u00e1s van a crecer en 2017, seg\u00fan un<\/p>\n","protected":false},"author":1,"featured_media":14055,"comment_status":"open","ping_status":"open","sticky":false,"template":"","format":"standard","meta":{"footnotes":""},"categories":[9],"tags":[],"_links":{"self":[{"href":"https:\/\/www.ecuadoraldia.com.ec\/index.php?rest_route=\/wp\/v2\/posts\/14054"}],"collection":[{"href":"https:\/\/www.ecuadoraldia.com.ec\/index.php?rest_route=\/wp\/v2\/posts"}],"about":[{"href":"https:\/\/www.ecuadoraldia.com.ec\/index.php?rest_route=\/wp\/v2\/types\/post"}],"author":[{"embeddable":true,"href":"https:\/\/www.ecuadoraldia.com.ec\/index.php?rest_route=\/wp\/v2\/users\/1"}],"replies":[{"embeddable":true,"href":"https:\/\/www.ecuadoraldia.com.ec\/index.php?rest_route=%2Fwp%2Fv2%2Fcomments&post=14054"}],"version-history":[{"count":1,"href":"https:\/\/www.ecuadoraldia.com.ec\/index.php?rest_route=\/wp\/v2\/posts\/14054\/revisions"}],"predecessor-version":[{"id":14056,"href":"https:\/\/www.ecuadoraldia.com.ec\/index.php?rest_route=\/wp\/v2\/posts\/14054\/revisions\/14056"}],"wp:featuredmedia":[{"embeddable":true,"href":"https:\/\/www.ecuadoraldia.com.ec\/index.php?rest_route=\/wp\/v2\/media\/14055"}],"wp:attachment":[{"href":"https:\/\/www.ecuadoraldia.com.ec\/index.php?rest_route=%2Fwp%2Fv2%2Fmedia&parent=14054"}],"wp:term":[{"taxonomy":"category","embeddable":true,"href":"https:\/\/www.ecuadoraldia.com.ec\/index.php?rest_route=%2Fwp%2Fv2%2Fcategories&post=14054"},{"taxonomy":"post_tag","embeddable":true,"href":"https:\/\/www.ecuadoraldia.com.ec\/index.php?rest_route=%2Fwp%2Fv2%2Ftags&post=14054"}],"curies":[{"name":"wp","href":"https:\/\/api.w.org\/{rel}","templated":true}]}}