{"id":14087,"date":"2016-12-30T15:46:36","date_gmt":"2016-12-30T15:46:36","guid":{"rendered":"http:\/\/www.ecuadoraldia.com.ec\/?p=14087"},"modified":"2016-12-30T15:47:09","modified_gmt":"2016-12-30T15:47:09","slug":"economia-ecuatoriana-crecera-en-el-142-para-2017","status":"publish","type":"post","link":"https:\/\/www.ecuadoraldia.com.ec\/?p=14087","title":{"rendered":"Econom\u00eda ecuatoriana crecer\u00e1 en  1,42% el 2017"},"content":{"rendered":"<p style=\"text-align: justify;\"><a href=\"http:\/\/www.ecuadoraldia.com.ec\/wp-content\/uploads\/2016\/12\/container.jpg\" rel=\"attachment wp-att-14088\"><img loading=\"lazy\" decoding=\"async\" class=\"alignleft size-medium wp-image-14088\" src=\"http:\/\/www.ecuadoraldia.com.ec\/wp-content\/uploads\/2016\/12\/container-300x160.jpg\" alt=\"container\" width=\"300\" height=\"160\" srcset=\"https:\/\/www.ecuadoraldia.com.ec\/wp-content\/uploads\/2016\/12\/container-300x160.jpg 300w, https:\/\/www.ecuadoraldia.com.ec\/wp-content\/uploads\/2016\/12\/container-768x411.jpg 768w, https:\/\/www.ecuadoraldia.com.ec\/wp-content\/uploads\/2016\/12\/container.jpg 772w\" sizes=\"(max-width: 300px) 100vw, 300px\" \/><\/a>Quito, 29 diciembre de 2016. El Banco Central del Ecuador prev\u00e9 un crecimiento econ\u00f3mico de 1.42% para 2017, el anuncio lo hizo la gerenta del Banco Central Madeline Abarca.<\/p>\n<p style=\"text-align: justify;\">Los factores del crecimiento estan ligados al precio del petr\u00f3leo y el crecimiento en las exportaciones, as\u00ed lo inform\u00f3 este mi\u00e9rcoles la titular de ese organismo, Madeleine Abarca.<\/p>\n<p style=\"text-align: justify;\">Seg\u00fan la funcionaria, ese crecimiento tambi\u00e9n se explica por el consumo tanto en la administraci\u00f3n p\u00fablica como en los hogares ecuatorianos y el crecimiento \u00e1rea las \u00e1reas petrolera (1,58%) y no petrolera (1,39).<\/p>\n<p style=\"text-align: justify;\">\u201cEl gobierno ha trabajado con pol\u00edticas y ajustes fiscales. \u00abHemos trabajado arduamente en conseguir un financiamiento con inversionistas extranjeros que conf\u00edan en la econom\u00eda ecuatoriana y que se ven reflejados en las cuentas nacionales\u201d, explic\u00f3 la funcionaria en un conversatorio con periodistas en la capital.<\/p>\n<p style=\"text-align: justify;\">Desde 2014, debido a factores econ\u00f3micos externos, el Ecuador tuvo menores ingresos, por lo que su econom\u00eda result\u00f3 afectada. Sin embargo, en el \u00faltimo a\u00f1o esta mejor\u00f3 y se registran cifras de crecimiento en cada trimestre.<\/p>\n<p style=\"text-align: justify;\">En el tercer trimestre de 2016, el Producto Interno Bruto (PIB) creci\u00f3 en 0,5% frente al segundo trimestre del a\u00f1o anterior. A decir de Abarca, pese a que la variaci\u00f3n interanual es de -1.6%, \u201ca partir del segundo trimestre, la econom\u00eda ecuatoriana presenta tendencia en su recuperaci\u00f3n\u201d.<\/p>\n<p style=\"text-align: justify;\">Entre los porcentajes para el crecimiento del PIB destacan el gasto y consumo en los hogares (1,4%) y las exportaciones (0,2%). Adem\u00e1s el valor agregado petrolero tambi\u00e9n sufri\u00f3 un incremento del 0,2%, debido a un aumento en la producci\u00f3n, tanto en empresas estatales como privadas.<\/p>\n<p style=\"text-align: justify;\">En comparaci\u00f3n con la econom\u00eda en el resto de pa\u00edses de Latinoam\u00e9rica, Ecuador es uno de los pa\u00edses con mayor crecimiento. Pa\u00edses como como Brasil y Argentina decrecieron en 0,8% y de -0,2% respectivamente. Mientras que otras econom\u00edas como Chile y Colombia han tenido tasas de crecimiento de 0,6% y 0,3%, cada uno.<\/p>\n<p style=\"text-align: justify;\">En el caso de la Balanza de Pago, se encuentra en 663 millones de d\u00f3lares. Entre los factores que han permitido alcanzar esa cifra se encuentra el super\u00e1vit de 271.3 millones de d\u00f3lares de la cuenta corriente.<\/p>\n<p style=\"text-align: justify;\">Para la funcionaria, ese super\u00e1vit se explica por el incremento en las exportaciones, que ascienden a casi 4.400 millones de d\u00f3lares y la reducci\u00f3n de importaciones durante este trimestre.<\/p>\n<p style=\"text-align: justify;\">Adem\u00e1s, se debe tomar en cuenta la inversi\u00f3n extranjera directa que tiene un valor positivo de 92.7 millones, en relaci\u00f3n al segundo trimestre de este a\u00f1o y que fue destinada principalmente a los sectores de transporte, comercio, almacenamiento y comunicaciones.<\/p>\n<p style=\"text-align: justify;\">Las remesas enviadas por los migrantes han funcionado para que la econom\u00eda mejore. Las que m\u00e1s llegaron fueron de pa\u00edses como Estados Unidos con el 55%, Espa\u00f1a con 28%, Italia 6% otros pa\u00edses 12%, En total sumaron m\u00e1s de 666,4 millones de d\u00f3lares.<\/p>\n<p style=\"text-align: justify;\">En todo caso la estabilidad de la econom\u00eda depender\u00e1 mucho de las pol\u00editicas que adopte el nuevo gobierno que ser\u00e1 electo en febrero de 2017 (I)<\/p>\n","protected":false},"excerpt":{"rendered":"<p>Quito, 29 diciembre de 2016. El Banco Central del Ecuador prev\u00e9 un crecimiento econ\u00f3mico de 1.42% para 2017, el anuncio<\/p>\n","protected":false},"author":1,"featured_media":14088,"comment_status":"open","ping_status":"open","sticky":false,"template":"","format":"standard","meta":{"footnotes":""},"categories":[9],"tags":[],"_links":{"self":[{"href":"https:\/\/www.ecuadoraldia.com.ec\/index.php?rest_route=\/wp\/v2\/posts\/14087"}],"collection":[{"href":"https:\/\/www.ecuadoraldia.com.ec\/index.php?rest_route=\/wp\/v2\/posts"}],"about":[{"href":"https:\/\/www.ecuadoraldia.com.ec\/index.php?rest_route=\/wp\/v2\/types\/post"}],"author":[{"embeddable":true,"href":"https:\/\/www.ecuadoraldia.com.ec\/index.php?rest_route=\/wp\/v2\/users\/1"}],"replies":[{"embeddable":true,"href":"https:\/\/www.ecuadoraldia.com.ec\/index.php?rest_route=%2Fwp%2Fv2%2Fcomments&post=14087"}],"version-history":[{"count":2,"href":"https:\/\/www.ecuadoraldia.com.ec\/index.php?rest_route=\/wp\/v2\/posts\/14087\/revisions"}],"predecessor-version":[{"id":14090,"href":"https:\/\/www.ecuadoraldia.com.ec\/index.php?rest_route=\/wp\/v2\/posts\/14087\/revisions\/14090"}],"wp:featuredmedia":[{"embeddable":true,"href":"https:\/\/www.ecuadoraldia.com.ec\/index.php?rest_route=\/wp\/v2\/media\/14088"}],"wp:attachment":[{"href":"https:\/\/www.ecuadoraldia.com.ec\/index.php?rest_route=%2Fwp%2Fv2%2Fmedia&parent=14087"}],"wp:term":[{"taxonomy":"category","embeddable":true,"href":"https:\/\/www.ecuadoraldia.com.ec\/index.php?rest_route=%2Fwp%2Fv2%2Fcategories&post=14087"},{"taxonomy":"post_tag","embeddable":true,"href":"https:\/\/www.ecuadoraldia.com.ec\/index.php?rest_route=%2Fwp%2Fv2%2Ftags&post=14087"}],"curies":[{"name":"wp","href":"https:\/\/api.w.org\/{rel}","templated":true}]}}