{"id":14169,"date":"2017-01-15T23:14:31","date_gmt":"2017-01-15T23:14:31","guid":{"rendered":"http:\/\/www.ecuadoraldia.com.ec\/?p=14169"},"modified":"2017-01-15T23:14:31","modified_gmt":"2017-01-15T23:14:31","slug":"se-dispara-la-inflacion-y-crece-el-temor-al-hambre-en-mexico","status":"publish","type":"post","link":"https:\/\/www.ecuadoraldia.com.ec\/?p=14169","title":{"rendered":"Se dispara la inflaci\u00f3n y crece el temor al hambre en M\u00e9xico"},"content":{"rendered":"<ul>\n<li><a href=\"http:\/\/www.ecuadoraldia.com.ec\/wp-content\/uploads\/2017\/01\/descarga.jpg\" rel=\"attachment wp-att-14170\"><img loading=\"lazy\" decoding=\"async\" class=\"alignleft size-medium wp-image-14170\" src=\"http:\/\/www.ecuadoraldia.com.ec\/wp-content\/uploads\/2017\/01\/descarga-300x169.jpg\" alt=\"descarga\" width=\"300\" height=\"169\" srcset=\"https:\/\/www.ecuadoraldia.com.ec\/wp-content\/uploads\/2017\/01\/descarga-300x169.jpg 300w, https:\/\/www.ecuadoraldia.com.ec\/wp-content\/uploads\/2017\/01\/descarga.jpg 600w\" sizes=\"(max-width: 300px) 100vw, 300px\" \/><\/a>Se dispara la inflaci\u00f3n y crece el temor al hambre en M\u00e9xico\n<p>Como efecto secundario del gasolinazo, sube el precio de los alimentos. Especialistas advirtieron a Infobae que crecer\u00e1 la pobreza y se dificultar\u00e1 el acceso a la comida para el sector m\u00e1s vulnerable de la poblaci\u00f3n<\/p>\n<p>Salvador Villafranca es un jubilado mexicano que camina feliz porque logr\u00f3 hacer su compra de frutas y verduras con los 50 pesos (unos 2,27 d\u00f3lares) que ten\u00eda presupuestados. \u00c9sta es una labor que generalmente realiza los fines de semana, pero tiene miedo que el domingo 15 \u2013d\u00eda de paga- las cosas est\u00e9n m\u00e1s caras.<\/li>\n<\/ul>\n<p><!--more--><\/p>\n<p>&nbsp;<\/p>\n<hr \/>\n<p style=\"padding-left: 30px;\">\n","protected":false},"excerpt":{"rendered":"<p>Se dispara la inflaci\u00f3n y crece el temor al hambre en M\u00e9xico Como efecto secundario del gasolinazo, sube el precio<\/p>\n","protected":false},"author":1,"featured_media":14170,"comment_status":"open","ping_status":"open","sticky":false,"template":"","format":"standard","meta":{"footnotes":""},"categories":[7],"tags":[],"_links":{"self":[{"href":"https:\/\/www.ecuadoraldia.com.ec\/index.php?rest_route=\/wp\/v2\/posts\/14169"}],"collection":[{"href":"https:\/\/www.ecuadoraldia.com.ec\/index.php?rest_route=\/wp\/v2\/posts"}],"about":[{"href":"https:\/\/www.ecuadoraldia.com.ec\/index.php?rest_route=\/wp\/v2\/types\/post"}],"author":[{"embeddable":true,"href":"https:\/\/www.ecuadoraldia.com.ec\/index.php?rest_route=\/wp\/v2\/users\/1"}],"replies":[{"embeddable":true,"href":"https:\/\/www.ecuadoraldia.com.ec\/index.php?rest_route=%2Fwp%2Fv2%2Fcomments&post=14169"}],"version-history":[{"count":1,"href":"https:\/\/www.ecuadoraldia.com.ec\/index.php?rest_route=\/wp\/v2\/posts\/14169\/revisions"}],"predecessor-version":[{"id":14171,"href":"https:\/\/www.ecuadoraldia.com.ec\/index.php?rest_route=\/wp\/v2\/posts\/14169\/revisions\/14171"}],"wp:featuredmedia":[{"embeddable":true,"href":"https:\/\/www.ecuadoraldia.com.ec\/index.php?rest_route=\/wp\/v2\/media\/14170"}],"wp:attachment":[{"href":"https:\/\/www.ecuadoraldia.com.ec\/index.php?rest_route=%2Fwp%2Fv2%2Fmedia&parent=14169"}],"wp:term":[{"taxonomy":"category","embeddable":true,"href":"https:\/\/www.ecuadoraldia.com.ec\/index.php?rest_route=%2Fwp%2Fv2%2Fcategories&post=14169"},{"taxonomy":"post_tag","embeddable":true,"href":"https:\/\/www.ecuadoraldia.com.ec\/index.php?rest_route=%2Fwp%2Fv2%2Ftags&post=14169"}],"curies":[{"name":"wp","href":"https:\/\/api.w.org\/{rel}","templated":true}]}}