{"id":14367,"date":"2017-02-10T17:29:14","date_gmt":"2017-02-10T17:29:14","guid":{"rendered":"http:\/\/www.ecuadoraldia.com.ec\/?p=14367"},"modified":"2017-02-10T17:29:14","modified_gmt":"2017-02-10T17:29:14","slug":"correa-sacaran-una-proxima-bomba-donde-mi-hermano-dira-que-odebrecht-nos-financio-la-campana","status":"publish","type":"post","link":"https:\/\/www.ecuadoraldia.com.ec\/?p=14367","title":{"rendered":"Correa: Sacar\u00e1n una \u00abpr\u00f3xima bomba\u00bb donde mi hermano dir\u00e1 que Odebrecht nos financi\u00f3 la campa\u00f1a"},"content":{"rendered":"<p style=\"text-align: justify;\"><a href=\"http:\/\/www.ecuadoraldia.com.ec\/wp-content\/uploads\/2017\/02\/CORREA-EN-DURAN.png\" rel=\"attachment wp-att-14368\"><img loading=\"lazy\" decoding=\"async\" class=\"alignleft size-medium wp-image-14368\" src=\"http:\/\/www.ecuadoraldia.com.ec\/wp-content\/uploads\/2017\/02\/CORREA-EN-DURAN-300x163.png\" alt=\"CORREA EN DURAN\" width=\"300\" height=\"163\" srcset=\"https:\/\/www.ecuadoraldia.com.ec\/wp-content\/uploads\/2017\/02\/CORREA-EN-DURAN-300x163.png 300w, https:\/\/www.ecuadoraldia.com.ec\/wp-content\/uploads\/2017\/02\/CORREA-EN-DURAN.png 625w\" sizes=\"(max-width: 300px) 100vw, 300px\" \/><\/a>Durante una entrevista con medios de comunicaci\u00f3n en Dur\u00e1n, el Presidente de la Rep\u00fablica, Rafael Correa, advirti\u00f3 a la ciudadan\u00eda que la oposici\u00f3n sacar\u00e1 un nuevo video en donde su hermano, Fabricio Correa, dir\u00e1 que Odebrecht financi\u00f3 la campa\u00f1a electoral de Alianza PAIS (AP). \u00ab\u00a1Que lo prueben!, yo a esa gente la ten\u00eda a mucha distancia\u00bb, enfatiz\u00f3 el Jefe de Estado.<\/p>\n<p style=\"text-align: justify;\">\u201cMi hermano Fabricio es muy amigo de los de Odebrecht, pero yo nunca me he metido en esas cosas, yo ni conoc\u00eda su oficina porque nunca estuve de acuerdo con su forma de hacer negocios ni de tratar a sus empleados o de que no pagaba impuestos, etc. Creo que cuando los conoc\u00ed fue en el 2005 como Ministro de Econom\u00eda y de ah\u00ed, hasta donde recuerdo, no los volv\u00ed a ver\u201d, relat\u00f3.<\/p>\n<p style=\"text-align: justify;\">Agregando que \u201cVan a sacar la grabaci\u00f3n en donde supuestamente Fabricio Correa dice que nos ha dado financiamiento (Odebrecht) con conocimiento del Presidente del 2006, que lo prueben por favor, esa es la siguiente bomba que tiene la oposici\u00f3n en su desesperaci\u00f3n porque saben lo que les espera el 19 de febrero\u201d.<\/p>\n<p style=\"text-align: justify;\">\u201cProbablemente sacar\u00e1n declaraciones de Fabricio Correa porque el odio supera cualquier cosa y mi hermano nunca super\u00f3 que yo sea Presidente, que no va a aceptar mi gobierno porque yo conoc\u00eda su forma de hacer negocios\u201d, indic\u00f3.<\/p>\n<p style=\"text-align: justify;\">Y reiter\u00f3: \u201c\u00a1Que lo prueben!, yo a esa gente la ten\u00eda de distancia. Un c\u00f3digo de conducta, por ejemplo, en Alianza PAIS, es que el Presidente no toca ni 20 centavos, precisamente para evitar la campa\u00f1a sucia y que lleguen a involucrar a las personas. A estar preparados pueblo ecuatoriano, a no creerles nada, con el silencio de los pobres ya saben c\u00f3mo votar\u201d, dijo.<br \/>\nEn la televisora, el Primer Mandatario ofreci\u00f3 una entrevista a medios de comunicaci\u00f3n locales. La primera actividad del Presidente fue un recorrido por la obra del nuevo servicio de agua potable para el cant\u00f3n, el Chobo-Dur\u00e1n, que dotar\u00e1 de este l\u00edquido al 100 por ciento de la poblaci\u00f3n.<\/p>\n<p style=\"text-align: justify;\">El Primer Mandatario mantendr\u00e1 su Gabinete Itinerante en esta localidad. Tambi\u00e9n visitar\u00e1 la obra del nuevo Hospital de Dur\u00e1n y ya en la tarde asistir\u00e1 a la tradicional Noche Cultural, en la cual compartir\u00e1 con los durane\u00f1os presentaciones art\u00edsticas. (i)<\/p>\n","protected":false},"excerpt":{"rendered":"<p>Durante una entrevista con medios de comunicaci\u00f3n en Dur\u00e1n, el Presidente de la Rep\u00fablica, Rafael Correa, advirti\u00f3 a la ciudadan\u00eda<\/p>\n","protected":false},"author":1,"featured_media":14368,"comment_status":"open","ping_status":"open","sticky":false,"template":"","format":"standard","meta":{"footnotes":""},"categories":[3],"tags":[],"_links":{"self":[{"href":"https:\/\/www.ecuadoraldia.com.ec\/index.php?rest_route=\/wp\/v2\/posts\/14367"}],"collection":[{"href":"https:\/\/www.ecuadoraldia.com.ec\/index.php?rest_route=\/wp\/v2\/posts"}],"about":[{"href":"https:\/\/www.ecuadoraldia.com.ec\/index.php?rest_route=\/wp\/v2\/types\/post"}],"author":[{"embeddable":true,"href":"https:\/\/www.ecuadoraldia.com.ec\/index.php?rest_route=\/wp\/v2\/users\/1"}],"replies":[{"embeddable":true,"href":"https:\/\/www.ecuadoraldia.com.ec\/index.php?rest_route=%2Fwp%2Fv2%2Fcomments&post=14367"}],"version-history":[{"count":1,"href":"https:\/\/www.ecuadoraldia.com.ec\/index.php?rest_route=\/wp\/v2\/posts\/14367\/revisions"}],"predecessor-version":[{"id":14369,"href":"https:\/\/www.ecuadoraldia.com.ec\/index.php?rest_route=\/wp\/v2\/posts\/14367\/revisions\/14369"}],"wp:featuredmedia":[{"embeddable":true,"href":"https:\/\/www.ecuadoraldia.com.ec\/index.php?rest_route=\/wp\/v2\/media\/14368"}],"wp:attachment":[{"href":"https:\/\/www.ecuadoraldia.com.ec\/index.php?rest_route=%2Fwp%2Fv2%2Fmedia&parent=14367"}],"wp:term":[{"taxonomy":"category","embeddable":true,"href":"https:\/\/www.ecuadoraldia.com.ec\/index.php?rest_route=%2Fwp%2Fv2%2Fcategories&post=14367"},{"taxonomy":"post_tag","embeddable":true,"href":"https:\/\/www.ecuadoraldia.com.ec\/index.php?rest_route=%2Fwp%2Fv2%2Ftags&post=14367"}],"curies":[{"name":"wp","href":"https:\/\/api.w.org\/{rel}","templated":true}]}}