{"id":14370,"date":"2017-02-12T17:57:03","date_gmt":"2017-02-12T17:57:03","guid":{"rendered":"http:\/\/www.ecuadoraldia.com.ec\/?p=14370"},"modified":"2017-02-12T17:57:51","modified_gmt":"2017-02-12T17:57:51","slug":"produccion-maicera-aumentara-este-ano","status":"publish","type":"post","link":"https:\/\/www.ecuadoraldia.com.ec\/?p=14370","title":{"rendered":"Producci\u00f3n maicera crecer\u00e1 este a\u00f1o"},"content":{"rendered":"<p style=\"text-align: justify;\"><a href=\"http:\/\/www.ecuadoraldia.com.ec\/wp-content\/uploads\/2017\/02\/cosecha-ecuador.jpg\" rel=\"attachment wp-att-14371\"><img loading=\"lazy\" decoding=\"async\" class=\"alignleft size-medium wp-image-14371\" src=\"http:\/\/www.ecuadoraldia.com.ec\/wp-content\/uploads\/2017\/02\/cosecha-ecuador-300x155.jpg\" alt=\"cosecha ecuador\" width=\"300\" height=\"155\" srcset=\"https:\/\/www.ecuadoraldia.com.ec\/wp-content\/uploads\/2017\/02\/cosecha-ecuador-300x155.jpg 300w, https:\/\/www.ecuadoraldia.com.ec\/wp-content\/uploads\/2017\/02\/cosecha-ecuador.jpg 648w\" sizes=\"(max-width: 300px) 100vw, 300px\" \/><\/a>Los agricultores obtendr\u00edan alrededor de 900.000 toneladas del cereal que permitir\u00eda dejar de importarlo. Redacci\u00f3n Econom\u00eda La temporada invernal tiene tranquilos a los maiceros del Litoral, que pronostican una buena producci\u00f3n del cereal este a\u00f1o, tras un dif\u00edcil 2016, en donde el rendimiento por hect\u00e1rea baj\u00f3 en las provincias de Guayas y Los R\u00edos por la virosis y los hongos. Uno de los productores contento con el \u2018invierno maicero\u2019 es Marco Montecel, del recinto Salamina, cant\u00f3n Balzar (Guayas), quien a mediados de enero sembr\u00f3 dos hect\u00e1reas y media del grano.<\/p>\n<p style=\"text-align: justify;\">El rendimiento nacional del cereal es de 5,53 toneladas\/hect\u00e1rea Un estudio de la Coordinaci\u00f3n General del Sistema de Informaci\u00f3n Nacional (Sinagap) del Ministerio de Agricultura, Ganader\u00eda, Acuacultura y Pesca (Magap), indica que el rendimiento nacional del cultivo de ma\u00edz duro (13% de humedad y 1% de impurezas) para el invierno de 2016 fue de 5,53 (t\/ha), el cual fue superior en 2% respecto a la similar temporada de 2015.<br \/>\nEn ese per\u00edodo la producci\u00f3n de ma\u00edz tuvo un comportamiento en rendimientos distintos en diferentes zonas. Por ejemplo, en las provincias de Loja y Manab\u00ed el 21% y el 25%, respectivamente, mientras que en Guayas y Los R\u00edos disminuy\u00f3 el 9% y el 13%, respectivamente, por problemas fitosanitarios.<\/p>\n<p style=\"text-align: justify;\">En el invierno 2016 se estim\u00f3 una producci\u00f3n nacional de 1\u2019064.380 toneladas m\u00e9tricas del cereal, lo que signific\u00f3 una reducci\u00f3n de 20% con relaci\u00f3n a 2015, por la disminuci\u00f3n de 54.697 hect\u00e1reas en el \u00e1rea sembrada de ma\u00edz y el incremento de la presencia de plagas y enfermedades.<br \/>\nEl estudio revela que el 71% de los productores encuestados declar\u00f3 que fue afectado por los problemas fitosanitarios. Mientras que el 29% por otros problemas, como exceso de humedad, falta de agua, calidad de insumos, calidad de semillas y bajas temperaturas. (I)<\/p>\n","protected":false},"excerpt":{"rendered":"<p>Los agricultores obtendr\u00edan alrededor de 900.000 toneladas del cereal que permitir\u00eda dejar de importarlo. Redacci\u00f3n Econom\u00eda La temporada invernal tiene<\/p>\n","protected":false},"author":1,"featured_media":14371,"comment_status":"open","ping_status":"open","sticky":false,"template":"","format":"standard","meta":{"footnotes":""},"categories":[9],"tags":[],"_links":{"self":[{"href":"https:\/\/www.ecuadoraldia.com.ec\/index.php?rest_route=\/wp\/v2\/posts\/14370"}],"collection":[{"href":"https:\/\/www.ecuadoraldia.com.ec\/index.php?rest_route=\/wp\/v2\/posts"}],"about":[{"href":"https:\/\/www.ecuadoraldia.com.ec\/index.php?rest_route=\/wp\/v2\/types\/post"}],"author":[{"embeddable":true,"href":"https:\/\/www.ecuadoraldia.com.ec\/index.php?rest_route=\/wp\/v2\/users\/1"}],"replies":[{"embeddable":true,"href":"https:\/\/www.ecuadoraldia.com.ec\/index.php?rest_route=%2Fwp%2Fv2%2Fcomments&post=14370"}],"version-history":[{"count":2,"href":"https:\/\/www.ecuadoraldia.com.ec\/index.php?rest_route=\/wp\/v2\/posts\/14370\/revisions"}],"predecessor-version":[{"id":14373,"href":"https:\/\/www.ecuadoraldia.com.ec\/index.php?rest_route=\/wp\/v2\/posts\/14370\/revisions\/14373"}],"wp:featuredmedia":[{"embeddable":true,"href":"https:\/\/www.ecuadoraldia.com.ec\/index.php?rest_route=\/wp\/v2\/media\/14371"}],"wp:attachment":[{"href":"https:\/\/www.ecuadoraldia.com.ec\/index.php?rest_route=%2Fwp%2Fv2%2Fmedia&parent=14370"}],"wp:term":[{"taxonomy":"category","embeddable":true,"href":"https:\/\/www.ecuadoraldia.com.ec\/index.php?rest_route=%2Fwp%2Fv2%2Fcategories&post=14370"},{"taxonomy":"post_tag","embeddable":true,"href":"https:\/\/www.ecuadoraldia.com.ec\/index.php?rest_route=%2Fwp%2Fv2%2Ftags&post=14370"}],"curies":[{"name":"wp","href":"https:\/\/api.w.org\/{rel}","templated":true}]}}