{"id":14374,"date":"2017-02-12T18:15:06","date_gmt":"2017-02-12T18:15:06","guid":{"rendered":"http:\/\/www.ecuadoraldia.com.ec\/?p=14374"},"modified":"2017-02-12T18:15:06","modified_gmt":"2017-02-12T18:15:06","slug":"el-fin-del-milagro-y-la-crisis-economica-el-otro-jugador-clave-de-las-elecciones-en-ecuador","status":"publish","type":"post","link":"https:\/\/www.ecuadoraldia.com.ec\/?p=14374","title":{"rendered":"El fin del \u00abmilagro\u00bb y la crisis econ\u00f3mica: el otro jugador clave de las elecciones en Ecuador"},"content":{"rendered":"<p style=\"text-align: justify;\"><a href=\"http:\/\/www.ecuadoraldia.com.ec\/wp-content\/uploads\/2017\/02\/fin-milagro-ecu.jpg\" rel=\"attachment wp-att-14375\"><img loading=\"lazy\" decoding=\"async\" class=\"alignleft size-medium wp-image-14375\" src=\"http:\/\/www.ecuadoraldia.com.ec\/wp-content\/uploads\/2017\/02\/fin-milagro-ecu-300x169.jpg\" alt=\"fin milagro ecu\" width=\"300\" height=\"169\" srcset=\"https:\/\/www.ecuadoraldia.com.ec\/wp-content\/uploads\/2017\/02\/fin-milagro-ecu-300x169.jpg 300w, https:\/\/www.ecuadoraldia.com.ec\/wp-content\/uploads\/2017\/02\/fin-milagro-ecu.jpg 600w\" sizes=\"(max-width: 300px) 100vw, 300px\" \/><\/a>En el 2013 un ministro alem\u00e1n calific\u00f3 a Ecuador como \u00abel jaguar latinoamericano\u00bb por su desempe\u00f1o econ\u00f3mico; un a\u00f1o despu\u00e9s el presidente Rafael Correa destacaba que \u00abse hable a nivel mundial del milagro ecuatoriano\u00bb. Ahora, a puertas de terminar la administraci\u00f3n, las cifras dan cuenta de una econom\u00eda deteriorada y muestran que el milagro fueron en verdad los altos precios del petr\u00f3leo de los que goz\u00f3 la saliente gesti\u00f3n as\u00ed como el elevado endeudamiento para financiar el gasto p\u00fablico, el motor de la econom\u00eda durante su mandato.<br \/>\nRefiner\u00eda de Petroecuador. El precio del crudo fue lo que mantuvo a flote a la econom\u00eda ecuatoriana durante los a\u00f1os de gesti\u00f3n de Correa y marc\u00f3 el fin del \u201cmilagro\u201d<\/p>\n<p style=\"text-align: justify;\">Entre el 2007 y el 2014, seg\u00fan cifras oficiales del Banco Central, Ecuador vendi\u00f3 su petr\u00f3leo a un promedio de USD 80 por barril y hubo a\u00f1os como el 2011, 2012 y 2013, en que super\u00f3 los USD 95 por barril, mientras en los 8 a\u00f1os previos, entre 1999 y 2006, el precio promedio apenas se ubic\u00f3 en USD 28,61 por barril.<\/p>\n<p style=\"text-align: justify;\">\u00abEn Ecuador no hubo ning\u00fan milagro, lo \u00fanico que hubo fue un precio del petr\u00f3leo de casi $100 por barril y despilfarro del siglo 21\u00bb, afirma el profesor de Econom\u00eda de la Universidad San Francisco de Quito, Luis Espinosa Goded. \u00abEcuador est\u00e1 viviendo una crisis estructural grave y profunda y esto provoca que haya cada vez m\u00e1s gente en el desempleo. Ecuador tiene 60% de su gente entre desempleados y empleados informales\u00bb.<\/p>\n<p style=\"text-align: justify;\">El boom de los altos precios del petr\u00f3leo del que goz\u00f3 Correa, termin\u00f3 en el 2015, cuando Ecuador apenas pudo vender su petr\u00f3leo a un promedio de USD 41,88 por barril, a menos de la mitad de los a\u00f1os de apogeo, pero casi 46% superior al registrado en los 8 a\u00f1os previos al inicio de su Gobierno.<\/p>\n<p style=\"text-align: justify;\">Entre enero y noviembre del a\u00f1o pasado \u2013las \u00faltimas cifras oficiales disponibles- el crudo ecuatoriano promedi\u00f3 $34,13 por cada barril.<br \/>\nEl boom petrolero proporcion\u00f3 a Ecuador importantes recursos y tambi\u00e9n ayud\u00f3 al incremento en los ingresos tributarios, que alimentaron el gasto p\u00fablico de manera importante.<\/p>\n<p style=\"text-align: justify;\">\u00abCuando el ingreso petrolero decreci\u00f3 fue sustituido por un excesivo endeudamiento\u00bb, dice el economista Jaime Carrera, secretario t\u00e9cnico del Observatorio de la Pol\u00edtica Fiscal (OPF), un colectivo de la sociedad civil que busca transparentar las cifras econ\u00f3micas y fiscales en Ecuador. \u00abEl Gobierno gast\u00f3 el dinero del petr\u00f3leo y el dinero del endeudamiento para tener un sector p\u00fablico desproporcionado. Vivimos en medio de un espejismo y un gasto desproporcionado\u00bb.<\/p>\n<p style=\"text-align: justify;\">Cuando Correa asumi\u00f3 por primera vez el gobierno, en enero del 2007, prometi\u00f3 una pol\u00edtica soberana de endeudamiento y de manejo de la deuda p\u00fablica.<\/p>\n<p style=\"text-align: justify;\">Tras 10 a\u00f1os del gobierno de Correa las cifras son concluyentes: la deuda p\u00fablica ha pasado de USD 13.493 millones en el 2006 a USD 42.583 millones el a\u00f1o pasado, es decir se ha incrementado en casi USD 30.000 millones; el d\u00e9ficit del Gobierno Central ha pasado de un -0.2% del PIB a -5.3% del PIB; el crecimiento de la econom\u00eda se ha contra\u00eddo al pasar de un 5.9% registrado en los tres a\u00f1os previos al Gobierno de Correa a 0.6% el a\u00f1o pasado; el desempleo ha pasado de 6.3% en el 2006 a 6.5% en el 2016, es decir no ha mejorado nada, seg\u00fan datos compilados por Ortiz.<\/p>\n<p style=\"text-align: justify;\">El gobierno, sin embargo, sostiene que la deuda al momento no llega al 27% del PIB. La raz\u00f3n para esa gran diferencia es que en septiembre pasado, cuando las cifras oficiales daban cuenta de que la deuda se ubicaba en 38% del PIB, muy cerca del l\u00edmite legal del 40%, se cambiaron las reglas y las estad\u00edsticas oficiales no cuentan las deudas entre entidades del sector p\u00fablico, las preventas petroleras a China y Tailandia y t\u00edtulos de corto plazo vendidos por el Banco Central, que en Ecuador no es aut\u00f3nomo sino una entidad m\u00e1s del Gobierno. Ahora el gobierno toma en cuenta la denominada \u00abdeuda consolidada\u00bb.(TOMADO DE INFOBAE)<\/p>\n","protected":false},"excerpt":{"rendered":"<p>En el 2013 un ministro alem\u00e1n calific\u00f3 a Ecuador como \u00abel jaguar latinoamericano\u00bb por su desempe\u00f1o econ\u00f3mico; un a\u00f1o despu\u00e9s<\/p>\n","protected":false},"author":1,"featured_media":14375,"comment_status":"open","ping_status":"open","sticky":false,"template":"","format":"standard","meta":{"footnotes":""},"categories":[3],"tags":[],"_links":{"self":[{"href":"https:\/\/www.ecuadoraldia.com.ec\/index.php?rest_route=\/wp\/v2\/posts\/14374"}],"collection":[{"href":"https:\/\/www.ecuadoraldia.com.ec\/index.php?rest_route=\/wp\/v2\/posts"}],"about":[{"href":"https:\/\/www.ecuadoraldia.com.ec\/index.php?rest_route=\/wp\/v2\/types\/post"}],"author":[{"embeddable":true,"href":"https:\/\/www.ecuadoraldia.com.ec\/index.php?rest_route=\/wp\/v2\/users\/1"}],"replies":[{"embeddable":true,"href":"https:\/\/www.ecuadoraldia.com.ec\/index.php?rest_route=%2Fwp%2Fv2%2Fcomments&post=14374"}],"version-history":[{"count":1,"href":"https:\/\/www.ecuadoraldia.com.ec\/index.php?rest_route=\/wp\/v2\/posts\/14374\/revisions"}],"predecessor-version":[{"id":14376,"href":"https:\/\/www.ecuadoraldia.com.ec\/index.php?rest_route=\/wp\/v2\/posts\/14374\/revisions\/14376"}],"wp:featuredmedia":[{"embeddable":true,"href":"https:\/\/www.ecuadoraldia.com.ec\/index.php?rest_route=\/wp\/v2\/media\/14375"}],"wp:attachment":[{"href":"https:\/\/www.ecuadoraldia.com.ec\/index.php?rest_route=%2Fwp%2Fv2%2Fmedia&parent=14374"}],"wp:term":[{"taxonomy":"category","embeddable":true,"href":"https:\/\/www.ecuadoraldia.com.ec\/index.php?rest_route=%2Fwp%2Fv2%2Fcategories&post=14374"},{"taxonomy":"post_tag","embeddable":true,"href":"https:\/\/www.ecuadoraldia.com.ec\/index.php?rest_route=%2Fwp%2Fv2%2Ftags&post=14374"}],"curies":[{"name":"wp","href":"https:\/\/api.w.org\/{rel}","templated":true}]}}